{"id":3797,"date":"2024-05-01T08:50:50","date_gmt":"2024-05-01T11:50:50","guid":{"rendered":"https:\/\/ctdoc.com.br\/?p=3797"},"modified":"2024-05-01T08:50:50","modified_gmt":"2024-05-01T11:50:50","slug":"nao-pode-usar-as-imagens-como-prova","status":"publish","type":"post","link":"https:\/\/organizator.com.br\/ctdoc\/nao-pode-usar-as-imagens-como-prova\/","title":{"rendered":"N\u00e3o pode usar as imagens como prova?"},"content":{"rendered":"\n<p class=\"wp-block-paragraph\">Mesmo com quase 90% dos documentos produzidos em formato eletr\u00f4nicos, o tema digitaliza\u00e7\u00e3o ainda gravita no ambiente corporativo. Seja em fun\u00e7\u00e3o do legado ou devido a um arquivo corrente que a lei exige uma guarda longa, tais como prontu\u00e1rio funcional.<\/p>\n\n\n\n<p class=\"wp-block-paragraph\">Al\u00e9m disso, em 2024, o decreto 10.278 completa seu 4\u00ba anivers\u00e1rio, por\u00e9m as empresas seguem capturando seus documentos f\u00edsicos fora da especifica\u00e7\u00e3o da lei. E o pior, descartam o documento f\u00edsico original sem que a vers\u00e3o digitalizada tenha valor legal. &nbsp;<\/p>\n\n\n\n<p class=\"wp-block-paragraph\">Isto cria uma enorme vulnerabilidade que pode acarretar pesadas multas. Se voc\u00ea deseja adequar seu arquivo ao decreto 10.278\/2020 e\/ou outras leis, tais como a LGPD, n\u00e3o perca o treinamento T<a href=\"https:\/\/organizator.com.br\/ctdoc\/produto\/lgpd-digitalizacao\/\">RATAMENTO DE IMAGENS \u2013 O FUTURO DA DIGITALIZA\u00c7\u00c3O<\/a>. Fa\u00e7a sua inscri\u00e7\u00e3o e garanta sua vaga. <\/p>\n\n\n\n<p class=\"wp-block-paragraph\">Ser\u00e1 um webinar online, ou seja, voc\u00ea pode participar de qualquer lugar. Em meio per\u00edodo voc\u00ea vai garantir que seus arquivos sejam aceitos numa fiscaliza\u00e7\u00e3o.<\/p>\n","protected":false},"excerpt":{"rendered":"<p>Mesmo com quase 90% dos documentos produzidos em formato eletr\u00f4nicos, o tema digitaliza\u00e7\u00e3o ainda gravita no ambiente corporativo. Seja em fun\u00e7\u00e3o do legado ou devido a um arquivo corrente que a lei exige uma guarda longa, tais como prontu\u00e1rio funcional. Al\u00e9m disso, em 2024, o decreto 10.278 completa seu 4\u00ba anivers\u00e1rio, por\u00e9m as empresas seguem [&hellip;]<\/p>\n","protected":false},"author":2,"featured_media":3798,"comment_status":"open","ping_status":"open","sticky":false,"template":"","format":"standard","meta":{"footnotes":""},"categories":[9],"tags":[],"class_list":["post-3797","post","type-post","status-publish","format-standard","has-post-thumbnail","hentry","category-digitalizacao"],"yoast_head":"<!-- This site is optimized with the Yoast SEO plugin v28.4 - https:\/\/yoast.com\/product\/yoast-seo-wordpress\/ -->\n<title>N\u00e3o pode usar as imagens como prova? - CTDOC<\/title>\n<meta name=\"description\" content=\"Voc\u00ea digitalizou seu arquivo e n\u00e3o seguiu as recomenda\u00e7\u00f5es da lei. Ser\u00e1 que estas imagens ser\u00e3o aceitas numa fiscaliza\u00e7\u00e3o?\" \/>\n<meta name=\"robots\" content=\"index, follow, max-snippet:-1, max-image-preview:large, max-video-preview:-1\" \/>\n<link rel=\"canonical\" href=\"https:\/\/organizator.com.br\/ctdoc\/nao-pode-usar-as-imagens-como-prova\/\" \/>\n<meta property=\"og:locale\" content=\"pt_BR\" \/>\n<meta property=\"og:type\" content=\"article\" \/>\n<meta property=\"og:title\" content=\"N\u00e3o pode usar as imagens como prova? - CTDOC\" \/>\n<meta property=\"og:description\" content=\"Voc\u00ea digitalizou seu arquivo e n\u00e3o seguiu as recomenda\u00e7\u00f5es da lei. Ser\u00e1 que estas imagens ser\u00e3o aceitas numa fiscaliza\u00e7\u00e3o?\" \/>\n<meta property=\"og:url\" content=\"https:\/\/organizator.com.br\/ctdoc\/nao-pode-usar-as-imagens-como-prova\/\" \/>\n<meta property=\"og:site_name\" content=\"CTDOC\" \/>\n<meta property=\"article:published_time\" content=\"2024-05-01T11:50:50+00:00\" \/>\n<meta property=\"og:image\" content=\"https:\/\/organizator.com.br\/ctdoc\/wp-content\/uploads\/2024\/05\/Digitalizou-e-jogou-fora-blog.png\" \/>\n\t<meta property=\"og:image:width\" content=\"600\" \/>\n\t<meta property=\"og:image:height\" content=\"400\" \/>\n\t<meta property=\"og:image:type\" content=\"image\/png\" \/>\n<meta name=\"author\" content=\"Elaine Restier\" \/>\n<meta name=\"twitter:card\" content=\"summary_large_image\" \/>\n<meta name=\"twitter:label1\" content=\"Escrito por\" \/>\n\t<meta name=\"twitter:data1\" content=\"Elaine Restier\" \/>\n\t<meta name=\"twitter:label2\" content=\"Est. tempo de leitura\" \/>\n\t<meta name=\"twitter:data2\" content=\"1 minuto\" \/>\n<script type=\"application\/ld+json\" class=\"yoast-schema-graph\">{\"@context\":\"https:\\\/\\\/schema.org\",\"@graph\":[{\"@type\":\"Article\",\"@id\":\"https:\\\/\\\/organizator.com.br\\\/ctdoc\\\/nao-pode-usar-as-imagens-como-prova\\\/#article\",\"isPartOf\":{\"@id\":\"https:\\\/\\\/organizator.com.br\\\/ctdoc\\\/nao-pode-usar-as-imagens-como-prova\\\/\"},\"author\":{\"name\":\"Elaine Restier\",\"@id\":\"https:\\\/\\\/organizator.com.br\\\/ctdoc\\\/#\\\/schema\\\/person\\\/3a1e62f206bc1ee7ccb2118dc383658b\"},\"headline\":\"N\u00e3o pode usar as imagens como prova?\",\"datePublished\":\"2024-05-01T11:50:50+00:00\",\"mainEntityOfPage\":{\"@id\":\"https:\\\/\\\/organizator.com.br\\\/ctdoc\\\/nao-pode-usar-as-imagens-como-prova\\\/\"},\"wordCount\":171,\"commentCount\":0,\"publisher\":{\"@id\":\"https:\\\/\\\/organizator.com.br\\\/ctdoc\\\/#organization\"},\"image\":{\"@id\":\"https:\\\/\\\/organizator.com.br\\\/ctdoc\\\/nao-pode-usar-as-imagens-como-prova\\\/#primaryimage\"},\"thumbnailUrl\":\"https:\\\/\\\/organizator.com.br\\\/ctdoc\\\/wp-content\\\/uploads\\\/2024\\\/05\\\/Digitalizou-e-jogou-fora-blog.png\",\"articleSection\":[\"Digitaliza\u00e7\u00e3o\"],\"inLanguage\":\"pt-BR\",\"potentialAction\":[{\"@type\":\"CommentAction\",\"name\":\"Comment\",\"target\":[\"https:\\\/\\\/organizator.com.br\\\/ctdoc\\\/nao-pode-usar-as-imagens-como-prova\\\/#respond\"]}]},{\"@type\":\"WebPage\",\"@id\":\"https:\\\/\\\/organizator.com.br\\\/ctdoc\\\/nao-pode-usar-as-imagens-como-prova\\\/\",\"url\":\"https:\\\/\\\/organizator.com.br\\\/ctdoc\\\/nao-pode-usar-as-imagens-como-prova\\\/\",\"name\":\"N\u00e3o pode usar as imagens como prova? - CTDOC\",\"isPartOf\":{\"@id\":\"https:\\\/\\\/organizator.com.br\\\/ctdoc\\\/#website\"},\"primaryImageOfPage\":{\"@id\":\"https:\\\/\\\/organizator.com.br\\\/ctdoc\\\/nao-pode-usar-as-imagens-como-prova\\\/#primaryimage\"},\"image\":{\"@id\":\"https:\\\/\\\/organizator.com.br\\\/ctdoc\\\/nao-pode-usar-as-imagens-como-prova\\\/#primaryimage\"},\"thumbnailUrl\":\"https:\\\/\\\/organizator.com.br\\\/ctdoc\\\/wp-content\\\/uploads\\\/2024\\\/05\\\/Digitalizou-e-jogou-fora-blog.png\",\"datePublished\":\"2024-05-01T11:50:50+00:00\",\"description\":\"Voc\u00ea digitalizou seu arquivo e n\u00e3o seguiu as recomenda\u00e7\u00f5es da lei. Ser\u00e1 que estas imagens ser\u00e3o aceitas numa fiscaliza\u00e7\u00e3o?\",\"breadcrumb\":{\"@id\":\"https:\\\/\\\/organizator.com.br\\\/ctdoc\\\/nao-pode-usar-as-imagens-como-prova\\\/#breadcrumb\"},\"inLanguage\":\"pt-BR\",\"potentialAction\":[{\"@type\":\"ReadAction\",\"target\":[\"https:\\\/\\\/organizator.com.br\\\/ctdoc\\\/nao-pode-usar-as-imagens-como-prova\\\/\"]}]},{\"@type\":\"ImageObject\",\"inLanguage\":\"pt-BR\",\"@id\":\"https:\\\/\\\/organizator.com.br\\\/ctdoc\\\/nao-pode-usar-as-imagens-como-prova\\\/#primaryimage\",\"url\":\"https:\\\/\\\/organizator.com.br\\\/ctdoc\\\/wp-content\\\/uploads\\\/2024\\\/05\\\/Digitalizou-e-jogou-fora-blog.png\",\"contentUrl\":\"https:\\\/\\\/organizator.com.br\\\/ctdoc\\\/wp-content\\\/uploads\\\/2024\\\/05\\\/Digitalizou-e-jogou-fora-blog.png\",\"width\":600,\"height\":400},{\"@type\":\"BreadcrumbList\",\"@id\":\"https:\\\/\\\/organizator.com.br\\\/ctdoc\\\/nao-pode-usar-as-imagens-como-prova\\\/#breadcrumb\",\"itemListElement\":[{\"@type\":\"ListItem\",\"position\":1,\"name\":\"In\u00edcio\",\"item\":\"https:\\\/\\\/organizator.com.br\\\/ctdoc\\\/\"},{\"@type\":\"ListItem\",\"position\":2,\"name\":\"N\u00e3o pode usar as imagens como prova?\"}]},{\"@type\":\"WebSite\",\"@id\":\"https:\\\/\\\/organizator.com.br\\\/ctdoc\\\/#website\",\"url\":\"https:\\\/\\\/organizator.com.br\\\/ctdoc\\\/\",\"name\":\"CTDOC - Centro de Treinamento em Documenta\u00e7\u00e3o\",\"description\":\"Programas de treinamento voltados para bibliotec\u00e1rios, arquivistas e profissionais da informa\u00e7\u00e3o, baseados em 3 pilares: t\u00e9cnico, legal e tecnol\u00f3gico.\",\"publisher\":{\"@id\":\"https:\\\/\\\/organizator.com.br\\\/ctdoc\\\/#organization\"},\"alternateName\":\"CTDOC\",\"potentialAction\":[{\"@type\":\"SearchAction\",\"target\":{\"@type\":\"EntryPoint\",\"urlTemplate\":\"https:\\\/\\\/organizator.com.br\\\/ctdoc\\\/?s={search_term_string}\"},\"query-input\":{\"@type\":\"PropertyValueSpecification\",\"valueRequired\":true,\"valueName\":\"search_term_string\"}}],\"inLanguage\":\"pt-BR\"},{\"@type\":\"Organization\",\"@id\":\"https:\\\/\\\/organizator.com.br\\\/ctdoc\\\/#organization\",\"name\":\"CTDOC - Centro de Treinamento em Documenta\u00e7\u00e3o\",\"alternateName\":\"CTDOC\",\"url\":\"https:\\\/\\\/organizator.com.br\\\/ctdoc\\\/\",\"logo\":{\"@type\":\"ImageObject\",\"inLanguage\":\"pt-BR\",\"@id\":\"https:\\\/\\\/organizator.com.br\\\/ctdoc\\\/#\\\/schema\\\/logo\\\/image\\\/\",\"url\":\"https:\\\/\\\/organizator.com.br\\\/ctdoc\\\/wp-content\\\/uploads\\\/2026\\\/09\\\/cropped-ctdoc-logo.webp\",\"contentUrl\":\"https:\\\/\\\/organizator.com.br\\\/ctdoc\\\/wp-content\\\/uploads\\\/2026\\\/09\\\/cropped-ctdoc-logo.webp\",\"width\":1080,\"height\":300,\"caption\":\"CTDOC - Centro de Treinamento em Documenta\u00e7\u00e3o\"},\"image\":{\"@id\":\"https:\\\/\\\/organizator.com.br\\\/ctdoc\\\/#\\\/schema\\\/logo\\\/image\\\/\"},\"sameAs\":[\"https:\\\/\\\/www.linkedin.com\\\/company\\\/ctdoc\\\/\",\"https:\\\/\\\/www.youtube.com\\\/c\\\/mundolegaldosdocumentos\"]},{\"@type\":\"Person\",\"@id\":\"https:\\\/\\\/organizator.com.br\\\/ctdoc\\\/#\\\/schema\\\/person\\\/3a1e62f206bc1ee7ccb2118dc383658b\",\"name\":\"Elaine Restier\",\"image\":{\"@type\":\"ImageObject\",\"inLanguage\":\"pt-BR\",\"@id\":\"https:\\\/\\\/secure.gravatar.com\\\/avatar\\\/?s=96&d=mm&r=g\",\"url\":\"https:\\\/\\\/secure.gravatar.com\\\/avatar\\\/?s=96&d=mm&r=g\",\"contentUrl\":\"https:\\\/\\\/secure.gravatar.com\\\/avatar\\\/?s=96&d=mm&r=g\",\"caption\":\"Elaine Restier\"},\"url\":\"https:\\\/\\\/organizator.com.br\\\/ctdoc\\\/author\\\/elaine-restier\\\/\"}]}<\/script>\n<!-- \/ Yoast SEO plugin. -->","yoast_head_json":{"title":"N\u00e3o pode usar as imagens como prova? - CTDOC","description":"Voc\u00ea digitalizou seu arquivo e n\u00e3o seguiu as recomenda\u00e7\u00f5es da lei. Ser\u00e1 que estas imagens ser\u00e3o aceitas numa fiscaliza\u00e7\u00e3o?","robots":{"index":"index","follow":"follow","max-snippet":"max-snippet:-1","max-image-preview":"max-image-preview:large","max-video-preview":"max-video-preview:-1"},"canonical":"https:\/\/organizator.com.br\/ctdoc\/nao-pode-usar-as-imagens-como-prova\/","og_locale":"pt_BR","og_type":"article","og_title":"N\u00e3o pode usar as imagens como prova? - CTDOC","og_description":"Voc\u00ea digitalizou seu arquivo e n\u00e3o seguiu as recomenda\u00e7\u00f5es da lei. Ser\u00e1 que estas imagens ser\u00e3o aceitas numa fiscaliza\u00e7\u00e3o?","og_url":"https:\/\/organizator.com.br\/ctdoc\/nao-pode-usar-as-imagens-como-prova\/","og_site_name":"CTDOC","article_published_time":"2024-05-01T11:50:50+00:00","og_image":[{"width":600,"height":400,"url":"https:\/\/organizator.com.br\/ctdoc\/wp-content\/uploads\/2024\/05\/Digitalizou-e-jogou-fora-blog.png","type":"image\/png"}],"author":"Elaine Restier","twitter_card":"summary_large_image","twitter_misc":{"Escrito por":"Elaine Restier","Est. tempo de leitura":"1 minuto"},"schema":{"@context":"https:\/\/schema.org","@graph":[{"@type":"Article","@id":"https:\/\/organizator.com.br\/ctdoc\/nao-pode-usar-as-imagens-como-prova\/#article","isPartOf":{"@id":"https:\/\/organizator.com.br\/ctdoc\/nao-pode-usar-as-imagens-como-prova\/"},"author":{"name":"Elaine Restier","@id":"https:\/\/organizator.com.br\/ctdoc\/#\/schema\/person\/3a1e62f206bc1ee7ccb2118dc383658b"},"headline":"N\u00e3o pode usar as imagens como prova?","datePublished":"2024-05-01T11:50:50+00:00","mainEntityOfPage":{"@id":"https:\/\/organizator.com.br\/ctdoc\/nao-pode-usar-as-imagens-como-prova\/"},"wordCount":171,"commentCount":0,"publisher":{"@id":"https:\/\/organizator.com.br\/ctdoc\/#organization"},"image":{"@id":"https:\/\/organizator.com.br\/ctdoc\/nao-pode-usar-as-imagens-como-prova\/#primaryimage"},"thumbnailUrl":"https:\/\/organizator.com.br\/ctdoc\/wp-content\/uploads\/2024\/05\/Digitalizou-e-jogou-fora-blog.png","articleSection":["Digitaliza\u00e7\u00e3o"],"inLanguage":"pt-BR","potentialAction":[{"@type":"CommentAction","name":"Comment","target":["https:\/\/organizator.com.br\/ctdoc\/nao-pode-usar-as-imagens-como-prova\/#respond"]}]},{"@type":"WebPage","@id":"https:\/\/organizator.com.br\/ctdoc\/nao-pode-usar-as-imagens-como-prova\/","url":"https:\/\/organizator.com.br\/ctdoc\/nao-pode-usar-as-imagens-como-prova\/","name":"N\u00e3o pode usar as imagens como prova? - CTDOC","isPartOf":{"@id":"https:\/\/organizator.com.br\/ctdoc\/#website"},"primaryImageOfPage":{"@id":"https:\/\/organizator.com.br\/ctdoc\/nao-pode-usar-as-imagens-como-prova\/#primaryimage"},"image":{"@id":"https:\/\/organizator.com.br\/ctdoc\/nao-pode-usar-as-imagens-como-prova\/#primaryimage"},"thumbnailUrl":"https:\/\/organizator.com.br\/ctdoc\/wp-content\/uploads\/2024\/05\/Digitalizou-e-jogou-fora-blog.png","datePublished":"2024-05-01T11:50:50+00:00","description":"Voc\u00ea digitalizou seu arquivo e n\u00e3o seguiu as recomenda\u00e7\u00f5es da lei. Ser\u00e1 que estas imagens ser\u00e3o aceitas numa fiscaliza\u00e7\u00e3o?","breadcrumb":{"@id":"https:\/\/organizator.com.br\/ctdoc\/nao-pode-usar-as-imagens-como-prova\/#breadcrumb"},"inLanguage":"pt-BR","potentialAction":[{"@type":"ReadAction","target":["https:\/\/organizator.com.br\/ctdoc\/nao-pode-usar-as-imagens-como-prova\/"]}]},{"@type":"ImageObject","inLanguage":"pt-BR","@id":"https:\/\/organizator.com.br\/ctdoc\/nao-pode-usar-as-imagens-como-prova\/#primaryimage","url":"https:\/\/organizator.com.br\/ctdoc\/wp-content\/uploads\/2024\/05\/Digitalizou-e-jogou-fora-blog.png","contentUrl":"https:\/\/organizator.com.br\/ctdoc\/wp-content\/uploads\/2024\/05\/Digitalizou-e-jogou-fora-blog.png","width":600,"height":400},{"@type":"BreadcrumbList","@id":"https:\/\/organizator.com.br\/ctdoc\/nao-pode-usar-as-imagens-como-prova\/#breadcrumb","itemListElement":[{"@type":"ListItem","position":1,"name":"In\u00edcio","item":"https:\/\/organizator.com.br\/ctdoc\/"},{"@type":"ListItem","position":2,"name":"N\u00e3o pode usar as imagens como prova?"}]},{"@type":"WebSite","@id":"https:\/\/organizator.com.br\/ctdoc\/#website","url":"https:\/\/organizator.com.br\/ctdoc\/","name":"CTDOC - Centro de Treinamento em Documenta\u00e7\u00e3o","description":"Programas de treinamento voltados para bibliotec\u00e1rios, arquivistas e profissionais da informa\u00e7\u00e3o, baseados em 3 pilares: t\u00e9cnico, legal e tecnol\u00f3gico.","publisher":{"@id":"https:\/\/organizator.com.br\/ctdoc\/#organization"},"alternateName":"CTDOC","potentialAction":[{"@type":"SearchAction","target":{"@type":"EntryPoint","urlTemplate":"https:\/\/organizator.com.br\/ctdoc\/?s={search_term_string}"},"query-input":{"@type":"PropertyValueSpecification","valueRequired":true,"valueName":"search_term_string"}}],"inLanguage":"pt-BR"},{"@type":"Organization","@id":"https:\/\/organizator.com.br\/ctdoc\/#organization","name":"CTDOC - Centro de Treinamento em Documenta\u00e7\u00e3o","alternateName":"CTDOC","url":"https:\/\/organizator.com.br\/ctdoc\/","logo":{"@type":"ImageObject","inLanguage":"pt-BR","@id":"https:\/\/organizator.com.br\/ctdoc\/#\/schema\/logo\/image\/","url":"https:\/\/organizator.com.br\/ctdoc\/wp-content\/uploads\/2026\/09\/cropped-ctdoc-logo.webp","contentUrl":"https:\/\/organizator.com.br\/ctdoc\/wp-content\/uploads\/2026\/09\/cropped-ctdoc-logo.webp","width":1080,"height":300,"caption":"CTDOC - Centro de Treinamento em Documenta\u00e7\u00e3o"},"image":{"@id":"https:\/\/organizator.com.br\/ctdoc\/#\/schema\/logo\/image\/"},"sameAs":["https:\/\/www.linkedin.com\/company\/ctdoc\/","https:\/\/www.youtube.com\/c\/mundolegaldosdocumentos"]},{"@type":"Person","@id":"https:\/\/organizator.com.br\/ctdoc\/#\/schema\/person\/3a1e62f206bc1ee7ccb2118dc383658b","name":"Elaine Restier","image":{"@type":"ImageObject","inLanguage":"pt-BR","@id":"https:\/\/secure.gravatar.com\/avatar\/?s=96&d=mm&r=g","url":"https:\/\/secure.gravatar.com\/avatar\/?s=96&d=mm&r=g","contentUrl":"https:\/\/secure.gravatar.com\/avatar\/?s=96&d=mm&r=g","caption":"Elaine Restier"},"url":"https:\/\/organizator.com.br\/ctdoc\/author\/elaine-restier\/"}]}},"_links":{"self":[{"href":"https:\/\/organizator.com.br\/ctdoc\/wp-json\/wp\/v2\/posts\/3797","targetHints":{"allow":["GET"]}}],"collection":[{"href":"https:\/\/organizator.com.br\/ctdoc\/wp-json\/wp\/v2\/posts"}],"about":[{"href":"https:\/\/organizator.com.br\/ctdoc\/wp-json\/wp\/v2\/types\/post"}],"author":[{"embeddable":true,"href":"https:\/\/organizator.com.br\/ctdoc\/wp-json\/wp\/v2\/users\/2"}],"replies":[{"embeddable":true,"href":"https:\/\/organizator.com.br\/ctdoc\/wp-json\/wp\/v2\/comments?post=3797"}],"version-history":[{"count":0,"href":"https:\/\/organizator.com.br\/ctdoc\/wp-json\/wp\/v2\/posts\/3797\/revisions"}],"wp:featuredmedia":[{"embeddable":true,"href":"https:\/\/organizator.com.br\/ctdoc\/wp-json\/wp\/v2\/media\/3798"}],"wp:attachment":[{"href":"https:\/\/organizator.com.br\/ctdoc\/wp-json\/wp\/v2\/media?parent=3797"}],"wp:term":[{"taxonomy":"category","embeddable":true,"href":"https:\/\/organizator.com.br\/ctdoc\/wp-json\/wp\/v2\/categories?post=3797"},{"taxonomy":"post_tag","embeddable":true,"href":"https:\/\/organizator.com.br\/ctdoc\/wp-json\/wp\/v2\/tags?post=3797"}],"curies":[{"name":"wp","href":"https:\/\/api.w.org\/{rel}","templated":true}]}}