{"id":3283,"date":"2023-06-06T15:46:28","date_gmt":"2023-06-06T18:46:28","guid":{"rendered":"https:\/\/ctdoc.com.br\/?p=3283"},"modified":"2023-06-06T15:46:28","modified_gmt":"2023-06-06T18:46:28","slug":"tratamento-de-imagens-o-futuro-da-digitalizacao","status":"publish","type":"post","link":"https:\/\/organizator.com.br\/ctdoc\/tratamento-de-imagens-o-futuro-da-digitalizacao\/","title":{"rendered":"Tratamento de imagens &#8211; o futuro da digitaliza\u00e7\u00e3o"},"content":{"rendered":"\n<p class=\"wp-block-paragraph\">Mesmo com uma ades\u00e3o total da documenta\u00e7\u00e3o eletr\u00f4nica, as empresas ainda necessitam formar dossi\u00eas para compor seus processos de neg\u00f3cio. Por exemplo, em uma contrata\u00e7\u00e3o \u00e9 necess\u00e1rio juntar: a proposta, o cadastro do fornecedor, a autoriza\u00e7\u00e3o, documentos acess\u00f3rios e, finalmente, o contrato. J\u00e1 os pagamentos costumam reunir: a ordem de compra, relat\u00f3rios ou boletins de medi\u00e7\u00e3o, o boleto, a nota fiscal e, por \u00faltimo, o comprovante de pagamento.<\/p>\n\n\n\n<p class=\"wp-block-paragraph\">Ser\u00e1 que formar estes dossi\u00eas eletronicamente \u00e9 mais f\u00e1cil do que o antigo processo f\u00edsico? Quais os gargalos? Como fica a produtividade?<\/p>\n\n\n\n<p class=\"wp-block-paragraph\">Estes pontos ser\u00e3o abordados em nosso pr\u00f3ximo treinamento TRATAMENTO DE IMAGENS \u2013 O FUTURO DA DIGITALIZA\u00c7\u00c3O a ser realizado no dia 29\/06\/2023. Ser\u00e1 um webinar online e ao vivo, onde voc\u00ea poder\u00e1 analisar um caso real das solu\u00e7\u00f5es encontradas.<\/p>\n\n\n\n<p class=\"wp-block-paragraph\"><a href=\"https:\/\/organizator.com.br\/ctdoc\/produto\/lgpd-digitalizacao\/\" data-type=\"URL\" data-id=\"https:\/\/ctdoc.com.br\/produto\/lgpd-digitalizacao\/\" target=\"_blank\" rel=\"noreferrer noopener\">Confira o programa e fa\u00e7a sua inscri\u00e7\u00e3o.<\/a>\n","protected":false},"excerpt":{"rendered":"<p>Mesmo com uma ades\u00e3o total da documenta\u00e7\u00e3o eletr\u00f4nica, as empresas ainda necessitam formar dossi\u00eas para compor seus processos de neg\u00f3cio. Por exemplo, em uma contrata\u00e7\u00e3o \u00e9 necess\u00e1rio juntar: a proposta, o cadastro do fornecedor, a autoriza\u00e7\u00e3o, documentos acess\u00f3rios e, finalmente, o contrato. J\u00e1 os pagamentos costumam reunir: a ordem de compra, relat\u00f3rios ou boletins de [&hellip;]<\/p>\n","protected":false},"author":2,"featured_media":3284,"comment_status":"open","ping_status":"open","sticky":false,"template":"","format":"standard","meta":{"footnotes":""},"categories":[9],"tags":[],"class_list":["post-3283","post","type-post","status-publish","format-standard","has-post-thumbnail","hentry","category-digitalizacao"],"yoast_head":"<!-- This site is optimized with the Yoast SEO plugin v28.4 - https:\/\/yoast.com\/product\/yoast-seo-wordpress\/ -->\n<title>Tratamento de imagens - o futuro da digitaliza\u00e7\u00e3o - CTDOC<\/title>\n<meta name=\"robots\" content=\"index, follow, max-snippet:-1, max-image-preview:large, max-video-preview:-1\" \/>\n<link rel=\"canonical\" href=\"https:\/\/organizator.com.br\/ctdoc\/tratamento-de-imagens-o-futuro-da-digitalizacao\/\" \/>\n<meta property=\"og:locale\" content=\"pt_BR\" \/>\n<meta property=\"og:type\" content=\"article\" \/>\n<meta property=\"og:title\" content=\"Tratamento de imagens - o futuro da digitaliza\u00e7\u00e3o - CTDOC\" \/>\n<meta property=\"og:description\" content=\"Mesmo com uma ades\u00e3o total da documenta\u00e7\u00e3o eletr\u00f4nica, as empresas ainda necessitam formar dossi\u00eas para compor seus processos de neg\u00f3cio. Por exemplo, em uma contrata\u00e7\u00e3o \u00e9 necess\u00e1rio juntar: a proposta, o cadastro do fornecedor, a autoriza\u00e7\u00e3o, documentos acess\u00f3rios e, finalmente, o contrato. J\u00e1 os pagamentos costumam reunir: a ordem de compra, relat\u00f3rios ou boletins de [&hellip;]\" \/>\n<meta property=\"og:url\" content=\"https:\/\/organizator.com.br\/ctdoc\/tratamento-de-imagens-o-futuro-da-digitalizacao\/\" \/>\n<meta property=\"og:site_name\" content=\"CTDOC\" \/>\n<meta property=\"article:published_time\" content=\"2023-06-06T18:46:28+00:00\" \/>\n<meta property=\"og:image\" content=\"https:\/\/organizator.com.br\/ctdoc\/wp-content\/uploads\/2023\/06\/Combinacao-de-arquivos-blog.png\" \/>\n\t<meta property=\"og:image:width\" content=\"600\" \/>\n\t<meta property=\"og:image:height\" content=\"400\" \/>\n\t<meta property=\"og:image:type\" content=\"image\/png\" \/>\n<meta name=\"author\" content=\"Elaine Restier\" \/>\n<meta name=\"twitter:card\" content=\"summary_large_image\" \/>\n<meta name=\"twitter:label1\" content=\"Escrito por\" \/>\n\t<meta name=\"twitter:data1\" content=\"Elaine Restier\" \/>\n\t<meta name=\"twitter:label2\" content=\"Est. tempo de leitura\" \/>\n\t<meta name=\"twitter:data2\" content=\"1 minuto\" \/>\n<script type=\"application\/ld+json\" class=\"yoast-schema-graph\">{\"@context\":\"https:\\\/\\\/schema.org\",\"@graph\":[{\"@type\":\"Article\",\"@id\":\"https:\\\/\\\/organizator.com.br\\\/ctdoc\\\/tratamento-de-imagens-o-futuro-da-digitalizacao\\\/#article\",\"isPartOf\":{\"@id\":\"https:\\\/\\\/organizator.com.br\\\/ctdoc\\\/tratamento-de-imagens-o-futuro-da-digitalizacao\\\/\"},\"author\":{\"name\":\"Elaine Restier\",\"@id\":\"https:\\\/\\\/organizator.com.br\\\/ctdoc\\\/#\\\/schema\\\/person\\\/3a1e62f206bc1ee7ccb2118dc383658b\"},\"headline\":\"Tratamento de imagens &#8211; o futuro da digitaliza\u00e7\u00e3o\",\"datePublished\":\"2023-06-06T18:46:28+00:00\",\"mainEntityOfPage\":{\"@id\":\"https:\\\/\\\/organizator.com.br\\\/ctdoc\\\/tratamento-de-imagens-o-futuro-da-digitalizacao\\\/\"},\"wordCount\":161,\"commentCount\":0,\"publisher\":{\"@id\":\"https:\\\/\\\/organizator.com.br\\\/ctdoc\\\/#organization\"},\"image\":{\"@id\":\"https:\\\/\\\/organizator.com.br\\\/ctdoc\\\/tratamento-de-imagens-o-futuro-da-digitalizacao\\\/#primaryimage\"},\"thumbnailUrl\":\"https:\\\/\\\/organizator.com.br\\\/ctdoc\\\/wp-content\\\/uploads\\\/2023\\\/06\\\/Combinacao-de-arquivos-blog.png\",\"articleSection\":[\"Digitaliza\u00e7\u00e3o\"],\"inLanguage\":\"pt-BR\",\"potentialAction\":[{\"@type\":\"CommentAction\",\"name\":\"Comment\",\"target\":[\"https:\\\/\\\/organizator.com.br\\\/ctdoc\\\/tratamento-de-imagens-o-futuro-da-digitalizacao\\\/#respond\"]}]},{\"@type\":\"WebPage\",\"@id\":\"https:\\\/\\\/organizator.com.br\\\/ctdoc\\\/tratamento-de-imagens-o-futuro-da-digitalizacao\\\/\",\"url\":\"https:\\\/\\\/organizator.com.br\\\/ctdoc\\\/tratamento-de-imagens-o-futuro-da-digitalizacao\\\/\",\"name\":\"Tratamento de imagens - o futuro da digitaliza\u00e7\u00e3o - CTDOC\",\"isPartOf\":{\"@id\":\"https:\\\/\\\/organizator.com.br\\\/ctdoc\\\/#website\"},\"primaryImageOfPage\":{\"@id\":\"https:\\\/\\\/organizator.com.br\\\/ctdoc\\\/tratamento-de-imagens-o-futuro-da-digitalizacao\\\/#primaryimage\"},\"image\":{\"@id\":\"https:\\\/\\\/organizator.com.br\\\/ctdoc\\\/tratamento-de-imagens-o-futuro-da-digitalizacao\\\/#primaryimage\"},\"thumbnailUrl\":\"https:\\\/\\\/organizator.com.br\\\/ctdoc\\\/wp-content\\\/uploads\\\/2023\\\/06\\\/Combinacao-de-arquivos-blog.png\",\"datePublished\":\"2023-06-06T18:46:28+00:00\",\"breadcrumb\":{\"@id\":\"https:\\\/\\\/organizator.com.br\\\/ctdoc\\\/tratamento-de-imagens-o-futuro-da-digitalizacao\\\/#breadcrumb\"},\"inLanguage\":\"pt-BR\",\"potentialAction\":[{\"@type\":\"ReadAction\",\"target\":[\"https:\\\/\\\/organizator.com.br\\\/ctdoc\\\/tratamento-de-imagens-o-futuro-da-digitalizacao\\\/\"]}]},{\"@type\":\"ImageObject\",\"inLanguage\":\"pt-BR\",\"@id\":\"https:\\\/\\\/organizator.com.br\\\/ctdoc\\\/tratamento-de-imagens-o-futuro-da-digitalizacao\\\/#primaryimage\",\"url\":\"https:\\\/\\\/organizator.com.br\\\/ctdoc\\\/wp-content\\\/uploads\\\/2023\\\/06\\\/Combinacao-de-arquivos-blog.png\",\"contentUrl\":\"https:\\\/\\\/organizator.com.br\\\/ctdoc\\\/wp-content\\\/uploads\\\/2023\\\/06\\\/Combinacao-de-arquivos-blog.png\",\"width\":600,\"height\":400},{\"@type\":\"BreadcrumbList\",\"@id\":\"https:\\\/\\\/organizator.com.br\\\/ctdoc\\\/tratamento-de-imagens-o-futuro-da-digitalizacao\\\/#breadcrumb\",\"itemListElement\":[{\"@type\":\"ListItem\",\"position\":1,\"name\":\"In\u00edcio\",\"item\":\"https:\\\/\\\/organizator.com.br\\\/ctdoc\\\/\"},{\"@type\":\"ListItem\",\"position\":2,\"name\":\"Tratamento de imagens &#8211; o futuro da digitaliza\u00e7\u00e3o\"}]},{\"@type\":\"WebSite\",\"@id\":\"https:\\\/\\\/organizator.com.br\\\/ctdoc\\\/#website\",\"url\":\"https:\\\/\\\/organizator.com.br\\\/ctdoc\\\/\",\"name\":\"CTDOC - Centro de Treinamento em Documenta\u00e7\u00e3o\",\"description\":\"Programas de treinamento voltados para bibliotec\u00e1rios, arquivistas e profissionais da informa\u00e7\u00e3o, baseados em 3 pilares: t\u00e9cnico, legal e tecnol\u00f3gico.\",\"publisher\":{\"@id\":\"https:\\\/\\\/organizator.com.br\\\/ctdoc\\\/#organization\"},\"alternateName\":\"CTDOC\",\"potentialAction\":[{\"@type\":\"SearchAction\",\"target\":{\"@type\":\"EntryPoint\",\"urlTemplate\":\"https:\\\/\\\/organizator.com.br\\\/ctdoc\\\/?s={search_term_string}\"},\"query-input\":{\"@type\":\"PropertyValueSpecification\",\"valueRequired\":true,\"valueName\":\"search_term_string\"}}],\"inLanguage\":\"pt-BR\"},{\"@type\":\"Organization\",\"@id\":\"https:\\\/\\\/organizator.com.br\\\/ctdoc\\\/#organization\",\"name\":\"CTDOC - Centro de Treinamento em Documenta\u00e7\u00e3o\",\"alternateName\":\"CTDOC\",\"url\":\"https:\\\/\\\/organizator.com.br\\\/ctdoc\\\/\",\"logo\":{\"@type\":\"ImageObject\",\"inLanguage\":\"pt-BR\",\"@id\":\"https:\\\/\\\/organizator.com.br\\\/ctdoc\\\/#\\\/schema\\\/logo\\\/image\\\/\",\"url\":\"https:\\\/\\\/organizator.com.br\\\/ctdoc\\\/wp-content\\\/uploads\\\/2026\\\/09\\\/cropped-ctdoc-logo.webp\",\"contentUrl\":\"https:\\\/\\\/organizator.com.br\\\/ctdoc\\\/wp-content\\\/uploads\\\/2026\\\/09\\\/cropped-ctdoc-logo.webp\",\"width\":1080,\"height\":300,\"caption\":\"CTDOC - Centro de Treinamento em Documenta\u00e7\u00e3o\"},\"image\":{\"@id\":\"https:\\\/\\\/organizator.com.br\\\/ctdoc\\\/#\\\/schema\\\/logo\\\/image\\\/\"},\"sameAs\":[\"https:\\\/\\\/www.linkedin.com\\\/company\\\/ctdoc\\\/\",\"https:\\\/\\\/www.youtube.com\\\/c\\\/mundolegaldosdocumentos\"]},{\"@type\":\"Person\",\"@id\":\"https:\\\/\\\/organizator.com.br\\\/ctdoc\\\/#\\\/schema\\\/person\\\/3a1e62f206bc1ee7ccb2118dc383658b\",\"name\":\"Elaine Restier\",\"image\":{\"@type\":\"ImageObject\",\"inLanguage\":\"pt-BR\",\"@id\":\"https:\\\/\\\/secure.gravatar.com\\\/avatar\\\/?s=96&d=mm&r=g\",\"url\":\"https:\\\/\\\/secure.gravatar.com\\\/avatar\\\/?s=96&d=mm&r=g\",\"contentUrl\":\"https:\\\/\\\/secure.gravatar.com\\\/avatar\\\/?s=96&d=mm&r=g\",\"caption\":\"Elaine Restier\"},\"url\":\"https:\\\/\\\/organizator.com.br\\\/ctdoc\\\/author\\\/elaine-restier\\\/\"}]}<\/script>\n<!-- \/ Yoast SEO plugin. -->","yoast_head_json":{"title":"Tratamento de imagens - o futuro da digitaliza\u00e7\u00e3o - CTDOC","robots":{"index":"index","follow":"follow","max-snippet":"max-snippet:-1","max-image-preview":"max-image-preview:large","max-video-preview":"max-video-preview:-1"},"canonical":"https:\/\/organizator.com.br\/ctdoc\/tratamento-de-imagens-o-futuro-da-digitalizacao\/","og_locale":"pt_BR","og_type":"article","og_title":"Tratamento de imagens - o futuro da digitaliza\u00e7\u00e3o - CTDOC","og_description":"Mesmo com uma ades\u00e3o total da documenta\u00e7\u00e3o eletr\u00f4nica, as empresas ainda necessitam formar dossi\u00eas para compor seus processos de neg\u00f3cio. Por exemplo, em uma contrata\u00e7\u00e3o \u00e9 necess\u00e1rio juntar: a proposta, o cadastro do fornecedor, a autoriza\u00e7\u00e3o, documentos acess\u00f3rios e, finalmente, o contrato. J\u00e1 os pagamentos costumam reunir: a ordem de compra, relat\u00f3rios ou boletins de [&hellip;]","og_url":"https:\/\/organizator.com.br\/ctdoc\/tratamento-de-imagens-o-futuro-da-digitalizacao\/","og_site_name":"CTDOC","article_published_time":"2023-06-06T18:46:28+00:00","og_image":[{"width":600,"height":400,"url":"https:\/\/organizator.com.br\/ctdoc\/wp-content\/uploads\/2023\/06\/Combinacao-de-arquivos-blog.png","type":"image\/png"}],"author":"Elaine Restier","twitter_card":"summary_large_image","twitter_misc":{"Escrito por":"Elaine Restier","Est. tempo de leitura":"1 minuto"},"schema":{"@context":"https:\/\/schema.org","@graph":[{"@type":"Article","@id":"https:\/\/organizator.com.br\/ctdoc\/tratamento-de-imagens-o-futuro-da-digitalizacao\/#article","isPartOf":{"@id":"https:\/\/organizator.com.br\/ctdoc\/tratamento-de-imagens-o-futuro-da-digitalizacao\/"},"author":{"name":"Elaine Restier","@id":"https:\/\/organizator.com.br\/ctdoc\/#\/schema\/person\/3a1e62f206bc1ee7ccb2118dc383658b"},"headline":"Tratamento de imagens &#8211; o futuro da digitaliza\u00e7\u00e3o","datePublished":"2023-06-06T18:46:28+00:00","mainEntityOfPage":{"@id":"https:\/\/organizator.com.br\/ctdoc\/tratamento-de-imagens-o-futuro-da-digitalizacao\/"},"wordCount":161,"commentCount":0,"publisher":{"@id":"https:\/\/organizator.com.br\/ctdoc\/#organization"},"image":{"@id":"https:\/\/organizator.com.br\/ctdoc\/tratamento-de-imagens-o-futuro-da-digitalizacao\/#primaryimage"},"thumbnailUrl":"https:\/\/organizator.com.br\/ctdoc\/wp-content\/uploads\/2023\/06\/Combinacao-de-arquivos-blog.png","articleSection":["Digitaliza\u00e7\u00e3o"],"inLanguage":"pt-BR","potentialAction":[{"@type":"CommentAction","name":"Comment","target":["https:\/\/organizator.com.br\/ctdoc\/tratamento-de-imagens-o-futuro-da-digitalizacao\/#respond"]}]},{"@type":"WebPage","@id":"https:\/\/organizator.com.br\/ctdoc\/tratamento-de-imagens-o-futuro-da-digitalizacao\/","url":"https:\/\/organizator.com.br\/ctdoc\/tratamento-de-imagens-o-futuro-da-digitalizacao\/","name":"Tratamento de imagens - o futuro da digitaliza\u00e7\u00e3o - CTDOC","isPartOf":{"@id":"https:\/\/organizator.com.br\/ctdoc\/#website"},"primaryImageOfPage":{"@id":"https:\/\/organizator.com.br\/ctdoc\/tratamento-de-imagens-o-futuro-da-digitalizacao\/#primaryimage"},"image":{"@id":"https:\/\/organizator.com.br\/ctdoc\/tratamento-de-imagens-o-futuro-da-digitalizacao\/#primaryimage"},"thumbnailUrl":"https:\/\/organizator.com.br\/ctdoc\/wp-content\/uploads\/2023\/06\/Combinacao-de-arquivos-blog.png","datePublished":"2023-06-06T18:46:28+00:00","breadcrumb":{"@id":"https:\/\/organizator.com.br\/ctdoc\/tratamento-de-imagens-o-futuro-da-digitalizacao\/#breadcrumb"},"inLanguage":"pt-BR","potentialAction":[{"@type":"ReadAction","target":["https:\/\/organizator.com.br\/ctdoc\/tratamento-de-imagens-o-futuro-da-digitalizacao\/"]}]},{"@type":"ImageObject","inLanguage":"pt-BR","@id":"https:\/\/organizator.com.br\/ctdoc\/tratamento-de-imagens-o-futuro-da-digitalizacao\/#primaryimage","url":"https:\/\/organizator.com.br\/ctdoc\/wp-content\/uploads\/2023\/06\/Combinacao-de-arquivos-blog.png","contentUrl":"https:\/\/organizator.com.br\/ctdoc\/wp-content\/uploads\/2023\/06\/Combinacao-de-arquivos-blog.png","width":600,"height":400},{"@type":"BreadcrumbList","@id":"https:\/\/organizator.com.br\/ctdoc\/tratamento-de-imagens-o-futuro-da-digitalizacao\/#breadcrumb","itemListElement":[{"@type":"ListItem","position":1,"name":"In\u00edcio","item":"https:\/\/organizator.com.br\/ctdoc\/"},{"@type":"ListItem","position":2,"name":"Tratamento de imagens &#8211; o futuro da digitaliza\u00e7\u00e3o"}]},{"@type":"WebSite","@id":"https:\/\/organizator.com.br\/ctdoc\/#website","url":"https:\/\/organizator.com.br\/ctdoc\/","name":"CTDOC - Centro de Treinamento em Documenta\u00e7\u00e3o","description":"Programas de treinamento voltados para bibliotec\u00e1rios, arquivistas e profissionais da informa\u00e7\u00e3o, baseados em 3 pilares: t\u00e9cnico, legal e tecnol\u00f3gico.","publisher":{"@id":"https:\/\/organizator.com.br\/ctdoc\/#organization"},"alternateName":"CTDOC","potentialAction":[{"@type":"SearchAction","target":{"@type":"EntryPoint","urlTemplate":"https:\/\/organizator.com.br\/ctdoc\/?s={search_term_string}"},"query-input":{"@type":"PropertyValueSpecification","valueRequired":true,"valueName":"search_term_string"}}],"inLanguage":"pt-BR"},{"@type":"Organization","@id":"https:\/\/organizator.com.br\/ctdoc\/#organization","name":"CTDOC - Centro de Treinamento em Documenta\u00e7\u00e3o","alternateName":"CTDOC","url":"https:\/\/organizator.com.br\/ctdoc\/","logo":{"@type":"ImageObject","inLanguage":"pt-BR","@id":"https:\/\/organizator.com.br\/ctdoc\/#\/schema\/logo\/image\/","url":"https:\/\/organizator.com.br\/ctdoc\/wp-content\/uploads\/2026\/09\/cropped-ctdoc-logo.webp","contentUrl":"https:\/\/organizator.com.br\/ctdoc\/wp-content\/uploads\/2026\/09\/cropped-ctdoc-logo.webp","width":1080,"height":300,"caption":"CTDOC - Centro de Treinamento em Documenta\u00e7\u00e3o"},"image":{"@id":"https:\/\/organizator.com.br\/ctdoc\/#\/schema\/logo\/image\/"},"sameAs":["https:\/\/www.linkedin.com\/company\/ctdoc\/","https:\/\/www.youtube.com\/c\/mundolegaldosdocumentos"]},{"@type":"Person","@id":"https:\/\/organizator.com.br\/ctdoc\/#\/schema\/person\/3a1e62f206bc1ee7ccb2118dc383658b","name":"Elaine Restier","image":{"@type":"ImageObject","inLanguage":"pt-BR","@id":"https:\/\/secure.gravatar.com\/avatar\/?s=96&d=mm&r=g","url":"https:\/\/secure.gravatar.com\/avatar\/?s=96&d=mm&r=g","contentUrl":"https:\/\/secure.gravatar.com\/avatar\/?s=96&d=mm&r=g","caption":"Elaine Restier"},"url":"https:\/\/organizator.com.br\/ctdoc\/author\/elaine-restier\/"}]}},"_links":{"self":[{"href":"https:\/\/organizator.com.br\/ctdoc\/wp-json\/wp\/v2\/posts\/3283","targetHints":{"allow":["GET"]}}],"collection":[{"href":"https:\/\/organizator.com.br\/ctdoc\/wp-json\/wp\/v2\/posts"}],"about":[{"href":"https:\/\/organizator.com.br\/ctdoc\/wp-json\/wp\/v2\/types\/post"}],"author":[{"embeddable":true,"href":"https:\/\/organizator.com.br\/ctdoc\/wp-json\/wp\/v2\/users\/2"}],"replies":[{"embeddable":true,"href":"https:\/\/organizator.com.br\/ctdoc\/wp-json\/wp\/v2\/comments?post=3283"}],"version-history":[{"count":0,"href":"https:\/\/organizator.com.br\/ctdoc\/wp-json\/wp\/v2\/posts\/3283\/revisions"}],"wp:featuredmedia":[{"embeddable":true,"href":"https:\/\/organizator.com.br\/ctdoc\/wp-json\/wp\/v2\/media\/3284"}],"wp:attachment":[{"href":"https:\/\/organizator.com.br\/ctdoc\/wp-json\/wp\/v2\/media?parent=3283"}],"wp:term":[{"taxonomy":"category","embeddable":true,"href":"https:\/\/organizator.com.br\/ctdoc\/wp-json\/wp\/v2\/categories?post=3283"},{"taxonomy":"post_tag","embeddable":true,"href":"https:\/\/organizator.com.br\/ctdoc\/wp-json\/wp\/v2\/tags?post=3283"}],"curies":[{"name":"wp","href":"https:\/\/api.w.org\/{rel}","templated":true}]}}