{"id":3103,"date":"2023-03-28T12:38:16","date_gmt":"2023-03-28T15:38:16","guid":{"rendered":"https:\/\/ctdoc.com.br\/?p=3103"},"modified":"2023-03-28T12:38:16","modified_gmt":"2023-03-28T15:38:16","slug":"voce-precisa-apagar-arquivos-para-liberar-espaco","status":"publish","type":"post","link":"https:\/\/organizator.com.br\/ctdoc\/voce-precisa-apagar-arquivos-para-liberar-espaco\/","title":{"rendered":"Voc\u00ea precisa apagar arquivos para liberar espa\u00e7o?"},"content":{"rendered":"\n<p class=\"wp-block-paragraph\">Voc\u00ea j\u00e1 se deparou com a situa\u00e7\u00e3o de ter que \u2018apagar\u2019 arquivos antigos para poder liberar espa\u00e7o para os novos arquivos? Esta decis\u00e3o no ramo jur\u00eddico \u00e9 bastante sens\u00edvel.<\/p>\n\n\n\n<p class=\"wp-block-paragraph\">O tema \u201cespa\u00e7o\u201d tem se tornado frequente nas empresas, por isto avaliar a escalabilidade dos sistemas antes da sua contrata\u00e7\u00e3o \u00e9 fundamental. Como os arquivos s\u00e3o armazenados? Existe a op\u00e7\u00e3o de archiving? Voc\u00ea sabe a taxa de crescimento do seus arquivos digitais?<\/p>\n\n\n\n<p class=\"wp-block-paragraph\">O <strong>webinar<\/strong> DOCUMENTA\u00c7\u00c3O JUR\u00cdDICA: GED, NUVEM OU SINCRONISMO, QUAL O REPOSIT\u00d3RIO IDEAL? trata deste tema. A pr\u00f3xima turma ser\u00e1 <strong>em abril<\/strong>.<\/p>\n\n\n\n<p class=\"wp-block-paragraph\"><a href=\"https:\/\/organizator.com.br\/ctdoc\/produto\/ged-home-office\/\" data-type=\"URL\" data-id=\"https:\/\/ctdoc.com.br\/produto\/ged-home-office\/\">Confira o programa e n\u00e3o deixe de se inscrever.<\/a>\n","protected":false},"excerpt":{"rendered":"<p>Voc\u00ea j\u00e1 se deparou com a situa\u00e7\u00e3o de ter que \u2018apagar\u2019 arquivos antigos para poder liberar espa\u00e7o para os novos arquivos? Esta decis\u00e3o no ramo jur\u00eddico \u00e9 bastante sens\u00edvel. O tema \u201cespa\u00e7o\u201d tem se tornado frequente nas empresas, por isto avaliar a escalabilidade dos sistemas antes da sua contrata\u00e7\u00e3o \u00e9 fundamental. Como os arquivos s\u00e3o [&hellip;]<\/p>\n","protected":false},"author":2,"featured_media":3104,"comment_status":"open","ping_status":"open","sticky":false,"template":"","format":"standard","meta":{"footnotes":""},"categories":[8],"tags":[],"class_list":["post-3103","post","type-post","status-publish","format-standard","has-post-thumbnail","hentry","category-artigos"],"yoast_head":"<!-- This site is optimized with the Yoast SEO plugin v28.4 - https:\/\/yoast.com\/product\/yoast-seo-wordpress\/ -->\n<title>Voc\u00ea precisa apagar arquivos para liberar espa\u00e7o? - CTDOC<\/title>\n<meta name=\"robots\" content=\"index, follow, max-snippet:-1, max-image-preview:large, max-video-preview:-1\" \/>\n<link rel=\"canonical\" href=\"https:\/\/organizator.com.br\/ctdoc\/voce-precisa-apagar-arquivos-para-liberar-espaco\/\" \/>\n<meta property=\"og:locale\" content=\"pt_BR\" \/>\n<meta property=\"og:type\" content=\"article\" \/>\n<meta property=\"og:title\" content=\"Voc\u00ea precisa apagar arquivos para liberar espa\u00e7o? - CTDOC\" \/>\n<meta property=\"og:description\" content=\"Voc\u00ea j\u00e1 se deparou com a situa\u00e7\u00e3o de ter que \u2018apagar\u2019 arquivos antigos para poder liberar espa\u00e7o para os novos arquivos? Esta decis\u00e3o no ramo jur\u00eddico \u00e9 bastante sens\u00edvel. O tema \u201cespa\u00e7o\u201d tem se tornado frequente nas empresas, por isto avaliar a escalabilidade dos sistemas antes da sua contrata\u00e7\u00e3o \u00e9 fundamental. Como os arquivos s\u00e3o [&hellip;]\" \/>\n<meta property=\"og:url\" content=\"https:\/\/organizator.com.br\/ctdoc\/voce-precisa-apagar-arquivos-para-liberar-espaco\/\" \/>\n<meta property=\"og:site_name\" content=\"CTDOC\" \/>\n<meta property=\"article:published_time\" content=\"2023-03-28T15:38:16+00:00\" \/>\n<meta property=\"og:image\" content=\"https:\/\/organizator.com.br\/ctdoc\/wp-content\/uploads\/2023\/03\/Espaco-arquivo-GED-blog.png\" \/>\n\t<meta property=\"og:image:width\" content=\"600\" \/>\n\t<meta property=\"og:image:height\" content=\"400\" \/>\n\t<meta property=\"og:image:type\" content=\"image\/png\" \/>\n<meta name=\"author\" content=\"Elaine Restier\" \/>\n<meta name=\"twitter:card\" content=\"summary_large_image\" \/>\n<meta name=\"twitter:label1\" content=\"Escrito por\" \/>\n\t<meta name=\"twitter:data1\" content=\"Elaine Restier\" \/>\n\t<meta name=\"twitter:label2\" content=\"Est. tempo de leitura\" \/>\n\t<meta name=\"twitter:data2\" content=\"1 minuto\" \/>\n<script type=\"application\/ld+json\" class=\"yoast-schema-graph\">{\"@context\":\"https:\\\/\\\/schema.org\",\"@graph\":[{\"@type\":\"Article\",\"@id\":\"https:\\\/\\\/organizator.com.br\\\/ctdoc\\\/voce-precisa-apagar-arquivos-para-liberar-espaco\\\/#article\",\"isPartOf\":{\"@id\":\"https:\\\/\\\/organizator.com.br\\\/ctdoc\\\/voce-precisa-apagar-arquivos-para-liberar-espaco\\\/\"},\"author\":{\"name\":\"Elaine Restier\",\"@id\":\"https:\\\/\\\/organizator.com.br\\\/ctdoc\\\/#\\\/schema\\\/person\\\/3a1e62f206bc1ee7ccb2118dc383658b\"},\"headline\":\"Voc\u00ea precisa apagar arquivos para liberar espa\u00e7o?\",\"datePublished\":\"2023-03-28T15:38:16+00:00\",\"mainEntityOfPage\":{\"@id\":\"https:\\\/\\\/organizator.com.br\\\/ctdoc\\\/voce-precisa-apagar-arquivos-para-liberar-espaco\\\/\"},\"wordCount\":121,\"commentCount\":0,\"publisher\":{\"@id\":\"https:\\\/\\\/organizator.com.br\\\/ctdoc\\\/#organization\"},\"image\":{\"@id\":\"https:\\\/\\\/organizator.com.br\\\/ctdoc\\\/voce-precisa-apagar-arquivos-para-liberar-espaco\\\/#primaryimage\"},\"thumbnailUrl\":\"https:\\\/\\\/organizator.com.br\\\/ctdoc\\\/wp-content\\\/uploads\\\/2023\\\/03\\\/Espaco-arquivo-GED-blog.png\",\"articleSection\":[\"CTDOC\"],\"inLanguage\":\"pt-BR\",\"potentialAction\":[{\"@type\":\"CommentAction\",\"name\":\"Comment\",\"target\":[\"https:\\\/\\\/organizator.com.br\\\/ctdoc\\\/voce-precisa-apagar-arquivos-para-liberar-espaco\\\/#respond\"]}]},{\"@type\":\"WebPage\",\"@id\":\"https:\\\/\\\/organizator.com.br\\\/ctdoc\\\/voce-precisa-apagar-arquivos-para-liberar-espaco\\\/\",\"url\":\"https:\\\/\\\/organizator.com.br\\\/ctdoc\\\/voce-precisa-apagar-arquivos-para-liberar-espaco\\\/\",\"name\":\"Voc\u00ea precisa apagar arquivos para liberar espa\u00e7o? - CTDOC\",\"isPartOf\":{\"@id\":\"https:\\\/\\\/organizator.com.br\\\/ctdoc\\\/#website\"},\"primaryImageOfPage\":{\"@id\":\"https:\\\/\\\/organizator.com.br\\\/ctdoc\\\/voce-precisa-apagar-arquivos-para-liberar-espaco\\\/#primaryimage\"},\"image\":{\"@id\":\"https:\\\/\\\/organizator.com.br\\\/ctdoc\\\/voce-precisa-apagar-arquivos-para-liberar-espaco\\\/#primaryimage\"},\"thumbnailUrl\":\"https:\\\/\\\/organizator.com.br\\\/ctdoc\\\/wp-content\\\/uploads\\\/2023\\\/03\\\/Espaco-arquivo-GED-blog.png\",\"datePublished\":\"2023-03-28T15:38:16+00:00\",\"breadcrumb\":{\"@id\":\"https:\\\/\\\/organizator.com.br\\\/ctdoc\\\/voce-precisa-apagar-arquivos-para-liberar-espaco\\\/#breadcrumb\"},\"inLanguage\":\"pt-BR\",\"potentialAction\":[{\"@type\":\"ReadAction\",\"target\":[\"https:\\\/\\\/organizator.com.br\\\/ctdoc\\\/voce-precisa-apagar-arquivos-para-liberar-espaco\\\/\"]}]},{\"@type\":\"ImageObject\",\"inLanguage\":\"pt-BR\",\"@id\":\"https:\\\/\\\/organizator.com.br\\\/ctdoc\\\/voce-precisa-apagar-arquivos-para-liberar-espaco\\\/#primaryimage\",\"url\":\"https:\\\/\\\/organizator.com.br\\\/ctdoc\\\/wp-content\\\/uploads\\\/2023\\\/03\\\/Espaco-arquivo-GED-blog.png\",\"contentUrl\":\"https:\\\/\\\/organizator.com.br\\\/ctdoc\\\/wp-content\\\/uploads\\\/2023\\\/03\\\/Espaco-arquivo-GED-blog.png\",\"width\":600,\"height\":400,\"caption\":\"Documenta\u00e7\u00e3o Jur\u00eddica: Ged, Nevem ou Sincronismo, qual o reposit\u00f3rio ideal?\"},{\"@type\":\"BreadcrumbList\",\"@id\":\"https:\\\/\\\/organizator.com.br\\\/ctdoc\\\/voce-precisa-apagar-arquivos-para-liberar-espaco\\\/#breadcrumb\",\"itemListElement\":[{\"@type\":\"ListItem\",\"position\":1,\"name\":\"In\u00edcio\",\"item\":\"https:\\\/\\\/organizator.com.br\\\/ctdoc\\\/\"},{\"@type\":\"ListItem\",\"position\":2,\"name\":\"Voc\u00ea precisa apagar arquivos para liberar espa\u00e7o?\"}]},{\"@type\":\"WebSite\",\"@id\":\"https:\\\/\\\/organizator.com.br\\\/ctdoc\\\/#website\",\"url\":\"https:\\\/\\\/organizator.com.br\\\/ctdoc\\\/\",\"name\":\"CTDOC - Centro de Treinamento em Documenta\u00e7\u00e3o\",\"description\":\"Programas de treinamento voltados para bibliotec\u00e1rios, arquivistas e profissionais da informa\u00e7\u00e3o, baseados em 3 pilares: t\u00e9cnico, legal e tecnol\u00f3gico.\",\"publisher\":{\"@id\":\"https:\\\/\\\/organizator.com.br\\\/ctdoc\\\/#organization\"},\"alternateName\":\"CTDOC\",\"potentialAction\":[{\"@type\":\"SearchAction\",\"target\":{\"@type\":\"EntryPoint\",\"urlTemplate\":\"https:\\\/\\\/organizator.com.br\\\/ctdoc\\\/?s={search_term_string}\"},\"query-input\":{\"@type\":\"PropertyValueSpecification\",\"valueRequired\":true,\"valueName\":\"search_term_string\"}}],\"inLanguage\":\"pt-BR\"},{\"@type\":\"Organization\",\"@id\":\"https:\\\/\\\/organizator.com.br\\\/ctdoc\\\/#organization\",\"name\":\"CTDOC - Centro de Treinamento em Documenta\u00e7\u00e3o\",\"alternateName\":\"CTDOC\",\"url\":\"https:\\\/\\\/organizator.com.br\\\/ctdoc\\\/\",\"logo\":{\"@type\":\"ImageObject\",\"inLanguage\":\"pt-BR\",\"@id\":\"https:\\\/\\\/organizator.com.br\\\/ctdoc\\\/#\\\/schema\\\/logo\\\/image\\\/\",\"url\":\"https:\\\/\\\/organizator.com.br\\\/ctdoc\\\/wp-content\\\/uploads\\\/2026\\\/09\\\/cropped-ctdoc-logo.webp\",\"contentUrl\":\"https:\\\/\\\/organizator.com.br\\\/ctdoc\\\/wp-content\\\/uploads\\\/2026\\\/09\\\/cropped-ctdoc-logo.webp\",\"width\":1080,\"height\":300,\"caption\":\"CTDOC - Centro de Treinamento em Documenta\u00e7\u00e3o\"},\"image\":{\"@id\":\"https:\\\/\\\/organizator.com.br\\\/ctdoc\\\/#\\\/schema\\\/logo\\\/image\\\/\"},\"sameAs\":[\"https:\\\/\\\/www.linkedin.com\\\/company\\\/ctdoc\\\/\",\"https:\\\/\\\/www.youtube.com\\\/c\\\/mundolegaldosdocumentos\"]},{\"@type\":\"Person\",\"@id\":\"https:\\\/\\\/organizator.com.br\\\/ctdoc\\\/#\\\/schema\\\/person\\\/3a1e62f206bc1ee7ccb2118dc383658b\",\"name\":\"Elaine Restier\",\"image\":{\"@type\":\"ImageObject\",\"inLanguage\":\"pt-BR\",\"@id\":\"https:\\\/\\\/secure.gravatar.com\\\/avatar\\\/?s=96&d=mm&r=g\",\"url\":\"https:\\\/\\\/secure.gravatar.com\\\/avatar\\\/?s=96&d=mm&r=g\",\"contentUrl\":\"https:\\\/\\\/secure.gravatar.com\\\/avatar\\\/?s=96&d=mm&r=g\",\"caption\":\"Elaine Restier\"},\"url\":\"https:\\\/\\\/organizator.com.br\\\/ctdoc\\\/author\\\/elaine-restier\\\/\"}]}<\/script>\n<!-- \/ Yoast SEO plugin. -->","yoast_head_json":{"title":"Voc\u00ea precisa apagar arquivos para liberar espa\u00e7o? - CTDOC","robots":{"index":"index","follow":"follow","max-snippet":"max-snippet:-1","max-image-preview":"max-image-preview:large","max-video-preview":"max-video-preview:-1"},"canonical":"https:\/\/organizator.com.br\/ctdoc\/voce-precisa-apagar-arquivos-para-liberar-espaco\/","og_locale":"pt_BR","og_type":"article","og_title":"Voc\u00ea precisa apagar arquivos para liberar espa\u00e7o? - CTDOC","og_description":"Voc\u00ea j\u00e1 se deparou com a situa\u00e7\u00e3o de ter que \u2018apagar\u2019 arquivos antigos para poder liberar espa\u00e7o para os novos arquivos? Esta decis\u00e3o no ramo jur\u00eddico \u00e9 bastante sens\u00edvel. O tema \u201cespa\u00e7o\u201d tem se tornado frequente nas empresas, por isto avaliar a escalabilidade dos sistemas antes da sua contrata\u00e7\u00e3o \u00e9 fundamental. Como os arquivos s\u00e3o [&hellip;]","og_url":"https:\/\/organizator.com.br\/ctdoc\/voce-precisa-apagar-arquivos-para-liberar-espaco\/","og_site_name":"CTDOC","article_published_time":"2023-03-28T15:38:16+00:00","og_image":[{"width":600,"height":400,"url":"https:\/\/organizator.com.br\/ctdoc\/wp-content\/uploads\/2023\/03\/Espaco-arquivo-GED-blog.png","type":"image\/png"}],"author":"Elaine Restier","twitter_card":"summary_large_image","twitter_misc":{"Escrito por":"Elaine Restier","Est. tempo de leitura":"1 minuto"},"schema":{"@context":"https:\/\/schema.org","@graph":[{"@type":"Article","@id":"https:\/\/organizator.com.br\/ctdoc\/voce-precisa-apagar-arquivos-para-liberar-espaco\/#article","isPartOf":{"@id":"https:\/\/organizator.com.br\/ctdoc\/voce-precisa-apagar-arquivos-para-liberar-espaco\/"},"author":{"name":"Elaine Restier","@id":"https:\/\/organizator.com.br\/ctdoc\/#\/schema\/person\/3a1e62f206bc1ee7ccb2118dc383658b"},"headline":"Voc\u00ea precisa apagar arquivos para liberar espa\u00e7o?","datePublished":"2023-03-28T15:38:16+00:00","mainEntityOfPage":{"@id":"https:\/\/organizator.com.br\/ctdoc\/voce-precisa-apagar-arquivos-para-liberar-espaco\/"},"wordCount":121,"commentCount":0,"publisher":{"@id":"https:\/\/organizator.com.br\/ctdoc\/#organization"},"image":{"@id":"https:\/\/organizator.com.br\/ctdoc\/voce-precisa-apagar-arquivos-para-liberar-espaco\/#primaryimage"},"thumbnailUrl":"https:\/\/organizator.com.br\/ctdoc\/wp-content\/uploads\/2023\/03\/Espaco-arquivo-GED-blog.png","articleSection":["CTDOC"],"inLanguage":"pt-BR","potentialAction":[{"@type":"CommentAction","name":"Comment","target":["https:\/\/organizator.com.br\/ctdoc\/voce-precisa-apagar-arquivos-para-liberar-espaco\/#respond"]}]},{"@type":"WebPage","@id":"https:\/\/organizator.com.br\/ctdoc\/voce-precisa-apagar-arquivos-para-liberar-espaco\/","url":"https:\/\/organizator.com.br\/ctdoc\/voce-precisa-apagar-arquivos-para-liberar-espaco\/","name":"Voc\u00ea precisa apagar arquivos para liberar espa\u00e7o? - CTDOC","isPartOf":{"@id":"https:\/\/organizator.com.br\/ctdoc\/#website"},"primaryImageOfPage":{"@id":"https:\/\/organizator.com.br\/ctdoc\/voce-precisa-apagar-arquivos-para-liberar-espaco\/#primaryimage"},"image":{"@id":"https:\/\/organizator.com.br\/ctdoc\/voce-precisa-apagar-arquivos-para-liberar-espaco\/#primaryimage"},"thumbnailUrl":"https:\/\/organizator.com.br\/ctdoc\/wp-content\/uploads\/2023\/03\/Espaco-arquivo-GED-blog.png","datePublished":"2023-03-28T15:38:16+00:00","breadcrumb":{"@id":"https:\/\/organizator.com.br\/ctdoc\/voce-precisa-apagar-arquivos-para-liberar-espaco\/#breadcrumb"},"inLanguage":"pt-BR","potentialAction":[{"@type":"ReadAction","target":["https:\/\/organizator.com.br\/ctdoc\/voce-precisa-apagar-arquivos-para-liberar-espaco\/"]}]},{"@type":"ImageObject","inLanguage":"pt-BR","@id":"https:\/\/organizator.com.br\/ctdoc\/voce-precisa-apagar-arquivos-para-liberar-espaco\/#primaryimage","url":"https:\/\/organizator.com.br\/ctdoc\/wp-content\/uploads\/2023\/03\/Espaco-arquivo-GED-blog.png","contentUrl":"https:\/\/organizator.com.br\/ctdoc\/wp-content\/uploads\/2023\/03\/Espaco-arquivo-GED-blog.png","width":600,"height":400,"caption":"Documenta\u00e7\u00e3o Jur\u00eddica: Ged, Nevem ou Sincronismo, qual o reposit\u00f3rio ideal?"},{"@type":"BreadcrumbList","@id":"https:\/\/organizator.com.br\/ctdoc\/voce-precisa-apagar-arquivos-para-liberar-espaco\/#breadcrumb","itemListElement":[{"@type":"ListItem","position":1,"name":"In\u00edcio","item":"https:\/\/organizator.com.br\/ctdoc\/"},{"@type":"ListItem","position":2,"name":"Voc\u00ea precisa apagar arquivos para liberar espa\u00e7o?"}]},{"@type":"WebSite","@id":"https:\/\/organizator.com.br\/ctdoc\/#website","url":"https:\/\/organizator.com.br\/ctdoc\/","name":"CTDOC - Centro de Treinamento em Documenta\u00e7\u00e3o","description":"Programas de treinamento voltados para bibliotec\u00e1rios, arquivistas e profissionais da informa\u00e7\u00e3o, baseados em 3 pilares: t\u00e9cnico, legal e tecnol\u00f3gico.","publisher":{"@id":"https:\/\/organizator.com.br\/ctdoc\/#organization"},"alternateName":"CTDOC","potentialAction":[{"@type":"SearchAction","target":{"@type":"EntryPoint","urlTemplate":"https:\/\/organizator.com.br\/ctdoc\/?s={search_term_string}"},"query-input":{"@type":"PropertyValueSpecification","valueRequired":true,"valueName":"search_term_string"}}],"inLanguage":"pt-BR"},{"@type":"Organization","@id":"https:\/\/organizator.com.br\/ctdoc\/#organization","name":"CTDOC - Centro de Treinamento em Documenta\u00e7\u00e3o","alternateName":"CTDOC","url":"https:\/\/organizator.com.br\/ctdoc\/","logo":{"@type":"ImageObject","inLanguage":"pt-BR","@id":"https:\/\/organizator.com.br\/ctdoc\/#\/schema\/logo\/image\/","url":"https:\/\/organizator.com.br\/ctdoc\/wp-content\/uploads\/2026\/09\/cropped-ctdoc-logo.webp","contentUrl":"https:\/\/organizator.com.br\/ctdoc\/wp-content\/uploads\/2026\/09\/cropped-ctdoc-logo.webp","width":1080,"height":300,"caption":"CTDOC - Centro de Treinamento em Documenta\u00e7\u00e3o"},"image":{"@id":"https:\/\/organizator.com.br\/ctdoc\/#\/schema\/logo\/image\/"},"sameAs":["https:\/\/www.linkedin.com\/company\/ctdoc\/","https:\/\/www.youtube.com\/c\/mundolegaldosdocumentos"]},{"@type":"Person","@id":"https:\/\/organizator.com.br\/ctdoc\/#\/schema\/person\/3a1e62f206bc1ee7ccb2118dc383658b","name":"Elaine Restier","image":{"@type":"ImageObject","inLanguage":"pt-BR","@id":"https:\/\/secure.gravatar.com\/avatar\/?s=96&d=mm&r=g","url":"https:\/\/secure.gravatar.com\/avatar\/?s=96&d=mm&r=g","contentUrl":"https:\/\/secure.gravatar.com\/avatar\/?s=96&d=mm&r=g","caption":"Elaine Restier"},"url":"https:\/\/organizator.com.br\/ctdoc\/author\/elaine-restier\/"}]}},"_links":{"self":[{"href":"https:\/\/organizator.com.br\/ctdoc\/wp-json\/wp\/v2\/posts\/3103","targetHints":{"allow":["GET"]}}],"collection":[{"href":"https:\/\/organizator.com.br\/ctdoc\/wp-json\/wp\/v2\/posts"}],"about":[{"href":"https:\/\/organizator.com.br\/ctdoc\/wp-json\/wp\/v2\/types\/post"}],"author":[{"embeddable":true,"href":"https:\/\/organizator.com.br\/ctdoc\/wp-json\/wp\/v2\/users\/2"}],"replies":[{"embeddable":true,"href":"https:\/\/organizator.com.br\/ctdoc\/wp-json\/wp\/v2\/comments?post=3103"}],"version-history":[{"count":0,"href":"https:\/\/organizator.com.br\/ctdoc\/wp-json\/wp\/v2\/posts\/3103\/revisions"}],"wp:featuredmedia":[{"embeddable":true,"href":"https:\/\/organizator.com.br\/ctdoc\/wp-json\/wp\/v2\/media\/3104"}],"wp:attachment":[{"href":"https:\/\/organizator.com.br\/ctdoc\/wp-json\/wp\/v2\/media?parent=3103"}],"wp:term":[{"taxonomy":"category","embeddable":true,"href":"https:\/\/organizator.com.br\/ctdoc\/wp-json\/wp\/v2\/categories?post=3103"},{"taxonomy":"post_tag","embeddable":true,"href":"https:\/\/organizator.com.br\/ctdoc\/wp-json\/wp\/v2\/tags?post=3103"}],"curies":[{"name":"wp","href":"https:\/\/api.w.org\/{rel}","templated":true}]}}