{"id":2866,"date":"2022-08-08T12:09:41","date_gmt":"2022-08-08T15:09:41","guid":{"rendered":"https:\/\/ctdoc.com.br\/?p=2866"},"modified":"2022-08-08T12:09:41","modified_gmt":"2022-08-08T15:09:41","slug":"as-leis-mudam-e-o-seu-trabalho-tambem","status":"publish","type":"post","link":"https:\/\/organizator.com.br\/ctdoc\/as-leis-mudam-e-o-seu-trabalho-tambem\/","title":{"rendered":"As leis mudam e o seu trabalho tamb\u00e9m"},"content":{"rendered":"\n<p class=\"wp-block-paragraph\">Frequentemente s\u00e3o editados in\u00fameros decretos, leis, portarias e normas que impactam o tratamento dos documentos. Tipos de assinatura, convers\u00e3o para o formato digital, necessidade de classifica\u00e7\u00e3o, requisitos de digitaliza\u00e7\u00e3o, s\u00e3o os exemplos mais comuns destas mudan\u00e7as.<\/p>\n\n\n\n<p class=\"wp-block-paragraph\">Antes de iniciar um projeto de digitaliza\u00e7\u00e3o ou contratar um sistema que automatize as rotinas de documentos, \u00e9 fundamental saber quais os requisitos legais que ir\u00e3o garantir a validade jur\u00eddica do documento. <strong>O programa Compliance Documental apresenta as leis mais importantes e recentes e o seu impacto no tratamento dos documentos corporativos.<\/strong> Al\u00e9m de atualizar os conhecimentos dos arquivistas e profissionais respons\u00e1veis pelo arquivo da empresa, este treinamento permite que os procedimentos e pr\u00e1ticas sejam revisados para assegurar a conformidade do documento e otimizar a gest\u00e3o do arquivo. <a href=\"https:\/\/organizator.com.br\/ctdoc\/produto\/compliance-documental\/\" data-type=\"URL\" data-id=\"https:\/\/ctdoc.com.br\/produto\/compliance-documental\/\">Fa\u00e7a sua inscri\u00e7\u00e3o agora.<\/a>\n","protected":false},"excerpt":{"rendered":"<p>Frequentemente s\u00e3o editados in\u00fameros decretos, leis, portarias e normas que impactam o tratamento dos documentos. Tipos de assinatura, convers\u00e3o para o formato digital, necessidade de classifica\u00e7\u00e3o, requisitos de digitaliza\u00e7\u00e3o, s\u00e3o os exemplos mais comuns destas mudan\u00e7as. Antes de iniciar um projeto de digitaliza\u00e7\u00e3o ou contratar um sistema que automatize as rotinas de documentos, \u00e9 fundamental [&hellip;]<\/p>\n","protected":false},"author":2,"featured_media":2870,"comment_status":"open","ping_status":"open","sticky":false,"template":"","format":"standard","meta":{"footnotes":""},"categories":[7],"tags":[],"class_list":["post-2866","post","type-post","status-publish","format-standard","has-post-thumbnail","hentry","category-compliance"],"yoast_head":"<!-- This site is optimized with the Yoast SEO plugin v28.4 - https:\/\/yoast.com\/product\/yoast-seo-wordpress\/ -->\n<title>As leis mudam e o seu trabalho tamb\u00e9m - CTDOC<\/title>\n<meta name=\"robots\" content=\"index, follow, max-snippet:-1, max-image-preview:large, max-video-preview:-1\" \/>\n<link rel=\"canonical\" href=\"https:\/\/organizator.com.br\/ctdoc\/as-leis-mudam-e-o-seu-trabalho-tambem\/\" \/>\n<meta property=\"og:locale\" content=\"pt_BR\" \/>\n<meta property=\"og:type\" content=\"article\" \/>\n<meta property=\"og:title\" content=\"As leis mudam e o seu trabalho tamb\u00e9m - CTDOC\" \/>\n<meta property=\"og:description\" content=\"Frequentemente s\u00e3o editados in\u00fameros decretos, leis, portarias e normas que impactam o tratamento dos documentos. Tipos de assinatura, convers\u00e3o para o formato digital, necessidade de classifica\u00e7\u00e3o, requisitos de digitaliza\u00e7\u00e3o, s\u00e3o os exemplos mais comuns destas mudan\u00e7as. Antes de iniciar um projeto de digitaliza\u00e7\u00e3o ou contratar um sistema que automatize as rotinas de documentos, \u00e9 fundamental [&hellip;]\" \/>\n<meta property=\"og:url\" content=\"https:\/\/organizator.com.br\/ctdoc\/as-leis-mudam-e-o-seu-trabalho-tambem\/\" \/>\n<meta property=\"og:site_name\" content=\"CTDOC\" \/>\n<meta property=\"article:published_time\" content=\"2022-08-08T15:09:41+00:00\" \/>\n<meta property=\"og:image\" content=\"https:\/\/organizator.com.br\/ctdoc\/wp-content\/uploads\/2022\/08\/Frase-Otto-Von-Bismarck-blog-1.png\" \/>\n\t<meta property=\"og:image:width\" content=\"600\" \/>\n\t<meta property=\"og:image:height\" content=\"400\" \/>\n\t<meta property=\"og:image:type\" content=\"image\/png\" \/>\n<meta name=\"author\" content=\"Elaine Restier\" \/>\n<meta name=\"twitter:card\" content=\"summary_large_image\" \/>\n<meta name=\"twitter:label1\" content=\"Escrito por\" \/>\n\t<meta name=\"twitter:data1\" content=\"Elaine Restier\" \/>\n\t<meta name=\"twitter:label2\" content=\"Est. tempo de leitura\" \/>\n\t<meta name=\"twitter:data2\" content=\"1 minuto\" \/>\n<script type=\"application\/ld+json\" class=\"yoast-schema-graph\">{\"@context\":\"https:\\\/\\\/schema.org\",\"@graph\":[{\"@type\":\"Article\",\"@id\":\"https:\\\/\\\/organizator.com.br\\\/ctdoc\\\/as-leis-mudam-e-o-seu-trabalho-tambem\\\/#article\",\"isPartOf\":{\"@id\":\"https:\\\/\\\/organizator.com.br\\\/ctdoc\\\/as-leis-mudam-e-o-seu-trabalho-tambem\\\/\"},\"author\":{\"name\":\"Elaine Restier\",\"@id\":\"https:\\\/\\\/organizator.com.br\\\/ctdoc\\\/#\\\/schema\\\/person\\\/3a1e62f206bc1ee7ccb2118dc383658b\"},\"headline\":\"As leis mudam e o seu trabalho tamb\u00e9m\",\"datePublished\":\"2022-08-08T15:09:41+00:00\",\"mainEntityOfPage\":{\"@id\":\"https:\\\/\\\/organizator.com.br\\\/ctdoc\\\/as-leis-mudam-e-o-seu-trabalho-tambem\\\/\"},\"wordCount\":152,\"commentCount\":0,\"publisher\":{\"@id\":\"https:\\\/\\\/organizator.com.br\\\/ctdoc\\\/#organization\"},\"image\":{\"@id\":\"https:\\\/\\\/organizator.com.br\\\/ctdoc\\\/as-leis-mudam-e-o-seu-trabalho-tambem\\\/#primaryimage\"},\"thumbnailUrl\":\"https:\\\/\\\/organizator.com.br\\\/ctdoc\\\/wp-content\\\/uploads\\\/2022\\\/08\\\/Frase-Otto-Von-Bismarck-blog-1.png\",\"articleSection\":[\"Compliance Documental\"],\"inLanguage\":\"pt-BR\",\"potentialAction\":[{\"@type\":\"CommentAction\",\"name\":\"Comment\",\"target\":[\"https:\\\/\\\/organizator.com.br\\\/ctdoc\\\/as-leis-mudam-e-o-seu-trabalho-tambem\\\/#respond\"]}]},{\"@type\":\"WebPage\",\"@id\":\"https:\\\/\\\/organizator.com.br\\\/ctdoc\\\/as-leis-mudam-e-o-seu-trabalho-tambem\\\/\",\"url\":\"https:\\\/\\\/organizator.com.br\\\/ctdoc\\\/as-leis-mudam-e-o-seu-trabalho-tambem\\\/\",\"name\":\"As leis mudam e o seu trabalho tamb\u00e9m - CTDOC\",\"isPartOf\":{\"@id\":\"https:\\\/\\\/organizator.com.br\\\/ctdoc\\\/#website\"},\"primaryImageOfPage\":{\"@id\":\"https:\\\/\\\/organizator.com.br\\\/ctdoc\\\/as-leis-mudam-e-o-seu-trabalho-tambem\\\/#primaryimage\"},\"image\":{\"@id\":\"https:\\\/\\\/organizator.com.br\\\/ctdoc\\\/as-leis-mudam-e-o-seu-trabalho-tambem\\\/#primaryimage\"},\"thumbnailUrl\":\"https:\\\/\\\/organizator.com.br\\\/ctdoc\\\/wp-content\\\/uploads\\\/2022\\\/08\\\/Frase-Otto-Von-Bismarck-blog-1.png\",\"datePublished\":\"2022-08-08T15:09:41+00:00\",\"breadcrumb\":{\"@id\":\"https:\\\/\\\/organizator.com.br\\\/ctdoc\\\/as-leis-mudam-e-o-seu-trabalho-tambem\\\/#breadcrumb\"},\"inLanguage\":\"pt-BR\",\"potentialAction\":[{\"@type\":\"ReadAction\",\"target\":[\"https:\\\/\\\/organizator.com.br\\\/ctdoc\\\/as-leis-mudam-e-o-seu-trabalho-tambem\\\/\"]}]},{\"@type\":\"ImageObject\",\"inLanguage\":\"pt-BR\",\"@id\":\"https:\\\/\\\/organizator.com.br\\\/ctdoc\\\/as-leis-mudam-e-o-seu-trabalho-tambem\\\/#primaryimage\",\"url\":\"https:\\\/\\\/organizator.com.br\\\/ctdoc\\\/wp-content\\\/uploads\\\/2022\\\/08\\\/Frase-Otto-Von-Bismarck-blog-1.png\",\"contentUrl\":\"https:\\\/\\\/organizator.com.br\\\/ctdoc\\\/wp-content\\\/uploads\\\/2022\\\/08\\\/Frase-Otto-Von-Bismarck-blog-1.png\",\"width\":600,\"height\":400},{\"@type\":\"BreadcrumbList\",\"@id\":\"https:\\\/\\\/organizator.com.br\\\/ctdoc\\\/as-leis-mudam-e-o-seu-trabalho-tambem\\\/#breadcrumb\",\"itemListElement\":[{\"@type\":\"ListItem\",\"position\":1,\"name\":\"In\u00edcio\",\"item\":\"https:\\\/\\\/organizator.com.br\\\/ctdoc\\\/\"},{\"@type\":\"ListItem\",\"position\":2,\"name\":\"As leis mudam e o seu trabalho tamb\u00e9m\"}]},{\"@type\":\"WebSite\",\"@id\":\"https:\\\/\\\/organizator.com.br\\\/ctdoc\\\/#website\",\"url\":\"https:\\\/\\\/organizator.com.br\\\/ctdoc\\\/\",\"name\":\"CTDOC - Centro de Treinamento em Documenta\u00e7\u00e3o\",\"description\":\"Programas de treinamento voltados para bibliotec\u00e1rios, arquivistas e profissionais da informa\u00e7\u00e3o, baseados em 3 pilares: t\u00e9cnico, legal e tecnol\u00f3gico.\",\"publisher\":{\"@id\":\"https:\\\/\\\/organizator.com.br\\\/ctdoc\\\/#organization\"},\"alternateName\":\"CTDOC\",\"potentialAction\":[{\"@type\":\"SearchAction\",\"target\":{\"@type\":\"EntryPoint\",\"urlTemplate\":\"https:\\\/\\\/organizator.com.br\\\/ctdoc\\\/?s={search_term_string}\"},\"query-input\":{\"@type\":\"PropertyValueSpecification\",\"valueRequired\":true,\"valueName\":\"search_term_string\"}}],\"inLanguage\":\"pt-BR\"},{\"@type\":\"Organization\",\"@id\":\"https:\\\/\\\/organizator.com.br\\\/ctdoc\\\/#organization\",\"name\":\"CTDOC - Centro de Treinamento em Documenta\u00e7\u00e3o\",\"alternateName\":\"CTDOC\",\"url\":\"https:\\\/\\\/organizator.com.br\\\/ctdoc\\\/\",\"logo\":{\"@type\":\"ImageObject\",\"inLanguage\":\"pt-BR\",\"@id\":\"https:\\\/\\\/organizator.com.br\\\/ctdoc\\\/#\\\/schema\\\/logo\\\/image\\\/\",\"url\":\"https:\\\/\\\/organizator.com.br\\\/ctdoc\\\/wp-content\\\/uploads\\\/2026\\\/09\\\/cropped-ctdoc-logo.webp\",\"contentUrl\":\"https:\\\/\\\/organizator.com.br\\\/ctdoc\\\/wp-content\\\/uploads\\\/2026\\\/09\\\/cropped-ctdoc-logo.webp\",\"width\":1080,\"height\":300,\"caption\":\"CTDOC - Centro de Treinamento em Documenta\u00e7\u00e3o\"},\"image\":{\"@id\":\"https:\\\/\\\/organizator.com.br\\\/ctdoc\\\/#\\\/schema\\\/logo\\\/image\\\/\"},\"sameAs\":[\"https:\\\/\\\/www.linkedin.com\\\/company\\\/ctdoc\\\/\",\"https:\\\/\\\/www.youtube.com\\\/c\\\/mundolegaldosdocumentos\"]},{\"@type\":\"Person\",\"@id\":\"https:\\\/\\\/organizator.com.br\\\/ctdoc\\\/#\\\/schema\\\/person\\\/3a1e62f206bc1ee7ccb2118dc383658b\",\"name\":\"Elaine Restier\",\"image\":{\"@type\":\"ImageObject\",\"inLanguage\":\"pt-BR\",\"@id\":\"https:\\\/\\\/secure.gravatar.com\\\/avatar\\\/?s=96&d=mm&r=g\",\"url\":\"https:\\\/\\\/secure.gravatar.com\\\/avatar\\\/?s=96&d=mm&r=g\",\"contentUrl\":\"https:\\\/\\\/secure.gravatar.com\\\/avatar\\\/?s=96&d=mm&r=g\",\"caption\":\"Elaine Restier\"},\"url\":\"https:\\\/\\\/organizator.com.br\\\/ctdoc\\\/author\\\/elaine-restier\\\/\"}]}<\/script>\n<!-- \/ Yoast SEO plugin. -->","yoast_head_json":{"title":"As leis mudam e o seu trabalho tamb\u00e9m - CTDOC","robots":{"index":"index","follow":"follow","max-snippet":"max-snippet:-1","max-image-preview":"max-image-preview:large","max-video-preview":"max-video-preview:-1"},"canonical":"https:\/\/organizator.com.br\/ctdoc\/as-leis-mudam-e-o-seu-trabalho-tambem\/","og_locale":"pt_BR","og_type":"article","og_title":"As leis mudam e o seu trabalho tamb\u00e9m - CTDOC","og_description":"Frequentemente s\u00e3o editados in\u00fameros decretos, leis, portarias e normas que impactam o tratamento dos documentos. Tipos de assinatura, convers\u00e3o para o formato digital, necessidade de classifica\u00e7\u00e3o, requisitos de digitaliza\u00e7\u00e3o, s\u00e3o os exemplos mais comuns destas mudan\u00e7as. Antes de iniciar um projeto de digitaliza\u00e7\u00e3o ou contratar um sistema que automatize as rotinas de documentos, \u00e9 fundamental [&hellip;]","og_url":"https:\/\/organizator.com.br\/ctdoc\/as-leis-mudam-e-o-seu-trabalho-tambem\/","og_site_name":"CTDOC","article_published_time":"2022-08-08T15:09:41+00:00","og_image":[{"width":600,"height":400,"url":"https:\/\/organizator.com.br\/ctdoc\/wp-content\/uploads\/2022\/08\/Frase-Otto-Von-Bismarck-blog-1.png","type":"image\/png"}],"author":"Elaine Restier","twitter_card":"summary_large_image","twitter_misc":{"Escrito por":"Elaine Restier","Est. tempo de leitura":"1 minuto"},"schema":{"@context":"https:\/\/schema.org","@graph":[{"@type":"Article","@id":"https:\/\/organizator.com.br\/ctdoc\/as-leis-mudam-e-o-seu-trabalho-tambem\/#article","isPartOf":{"@id":"https:\/\/organizator.com.br\/ctdoc\/as-leis-mudam-e-o-seu-trabalho-tambem\/"},"author":{"name":"Elaine Restier","@id":"https:\/\/organizator.com.br\/ctdoc\/#\/schema\/person\/3a1e62f206bc1ee7ccb2118dc383658b"},"headline":"As leis mudam e o seu trabalho tamb\u00e9m","datePublished":"2022-08-08T15:09:41+00:00","mainEntityOfPage":{"@id":"https:\/\/organizator.com.br\/ctdoc\/as-leis-mudam-e-o-seu-trabalho-tambem\/"},"wordCount":152,"commentCount":0,"publisher":{"@id":"https:\/\/organizator.com.br\/ctdoc\/#organization"},"image":{"@id":"https:\/\/organizator.com.br\/ctdoc\/as-leis-mudam-e-o-seu-trabalho-tambem\/#primaryimage"},"thumbnailUrl":"https:\/\/organizator.com.br\/ctdoc\/wp-content\/uploads\/2022\/08\/Frase-Otto-Von-Bismarck-blog-1.png","articleSection":["Compliance Documental"],"inLanguage":"pt-BR","potentialAction":[{"@type":"CommentAction","name":"Comment","target":["https:\/\/organizator.com.br\/ctdoc\/as-leis-mudam-e-o-seu-trabalho-tambem\/#respond"]}]},{"@type":"WebPage","@id":"https:\/\/organizator.com.br\/ctdoc\/as-leis-mudam-e-o-seu-trabalho-tambem\/","url":"https:\/\/organizator.com.br\/ctdoc\/as-leis-mudam-e-o-seu-trabalho-tambem\/","name":"As leis mudam e o seu trabalho tamb\u00e9m - CTDOC","isPartOf":{"@id":"https:\/\/organizator.com.br\/ctdoc\/#website"},"primaryImageOfPage":{"@id":"https:\/\/organizator.com.br\/ctdoc\/as-leis-mudam-e-o-seu-trabalho-tambem\/#primaryimage"},"image":{"@id":"https:\/\/organizator.com.br\/ctdoc\/as-leis-mudam-e-o-seu-trabalho-tambem\/#primaryimage"},"thumbnailUrl":"https:\/\/organizator.com.br\/ctdoc\/wp-content\/uploads\/2022\/08\/Frase-Otto-Von-Bismarck-blog-1.png","datePublished":"2022-08-08T15:09:41+00:00","breadcrumb":{"@id":"https:\/\/organizator.com.br\/ctdoc\/as-leis-mudam-e-o-seu-trabalho-tambem\/#breadcrumb"},"inLanguage":"pt-BR","potentialAction":[{"@type":"ReadAction","target":["https:\/\/organizator.com.br\/ctdoc\/as-leis-mudam-e-o-seu-trabalho-tambem\/"]}]},{"@type":"ImageObject","inLanguage":"pt-BR","@id":"https:\/\/organizator.com.br\/ctdoc\/as-leis-mudam-e-o-seu-trabalho-tambem\/#primaryimage","url":"https:\/\/organizator.com.br\/ctdoc\/wp-content\/uploads\/2022\/08\/Frase-Otto-Von-Bismarck-blog-1.png","contentUrl":"https:\/\/organizator.com.br\/ctdoc\/wp-content\/uploads\/2022\/08\/Frase-Otto-Von-Bismarck-blog-1.png","width":600,"height":400},{"@type":"BreadcrumbList","@id":"https:\/\/organizator.com.br\/ctdoc\/as-leis-mudam-e-o-seu-trabalho-tambem\/#breadcrumb","itemListElement":[{"@type":"ListItem","position":1,"name":"In\u00edcio","item":"https:\/\/organizator.com.br\/ctdoc\/"},{"@type":"ListItem","position":2,"name":"As leis mudam e o seu trabalho tamb\u00e9m"}]},{"@type":"WebSite","@id":"https:\/\/organizator.com.br\/ctdoc\/#website","url":"https:\/\/organizator.com.br\/ctdoc\/","name":"CTDOC - Centro de Treinamento em Documenta\u00e7\u00e3o","description":"Programas de treinamento voltados para bibliotec\u00e1rios, arquivistas e profissionais da informa\u00e7\u00e3o, baseados em 3 pilares: t\u00e9cnico, legal e tecnol\u00f3gico.","publisher":{"@id":"https:\/\/organizator.com.br\/ctdoc\/#organization"},"alternateName":"CTDOC","potentialAction":[{"@type":"SearchAction","target":{"@type":"EntryPoint","urlTemplate":"https:\/\/organizator.com.br\/ctdoc\/?s={search_term_string}"},"query-input":{"@type":"PropertyValueSpecification","valueRequired":true,"valueName":"search_term_string"}}],"inLanguage":"pt-BR"},{"@type":"Organization","@id":"https:\/\/organizator.com.br\/ctdoc\/#organization","name":"CTDOC - Centro de Treinamento em Documenta\u00e7\u00e3o","alternateName":"CTDOC","url":"https:\/\/organizator.com.br\/ctdoc\/","logo":{"@type":"ImageObject","inLanguage":"pt-BR","@id":"https:\/\/organizator.com.br\/ctdoc\/#\/schema\/logo\/image\/","url":"https:\/\/organizator.com.br\/ctdoc\/wp-content\/uploads\/2026\/09\/cropped-ctdoc-logo.webp","contentUrl":"https:\/\/organizator.com.br\/ctdoc\/wp-content\/uploads\/2026\/09\/cropped-ctdoc-logo.webp","width":1080,"height":300,"caption":"CTDOC - Centro de Treinamento em Documenta\u00e7\u00e3o"},"image":{"@id":"https:\/\/organizator.com.br\/ctdoc\/#\/schema\/logo\/image\/"},"sameAs":["https:\/\/www.linkedin.com\/company\/ctdoc\/","https:\/\/www.youtube.com\/c\/mundolegaldosdocumentos"]},{"@type":"Person","@id":"https:\/\/organizator.com.br\/ctdoc\/#\/schema\/person\/3a1e62f206bc1ee7ccb2118dc383658b","name":"Elaine Restier","image":{"@type":"ImageObject","inLanguage":"pt-BR","@id":"https:\/\/secure.gravatar.com\/avatar\/?s=96&d=mm&r=g","url":"https:\/\/secure.gravatar.com\/avatar\/?s=96&d=mm&r=g","contentUrl":"https:\/\/secure.gravatar.com\/avatar\/?s=96&d=mm&r=g","caption":"Elaine Restier"},"url":"https:\/\/organizator.com.br\/ctdoc\/author\/elaine-restier\/"}]}},"_links":{"self":[{"href":"https:\/\/organizator.com.br\/ctdoc\/wp-json\/wp\/v2\/posts\/2866","targetHints":{"allow":["GET"]}}],"collection":[{"href":"https:\/\/organizator.com.br\/ctdoc\/wp-json\/wp\/v2\/posts"}],"about":[{"href":"https:\/\/organizator.com.br\/ctdoc\/wp-json\/wp\/v2\/types\/post"}],"author":[{"embeddable":true,"href":"https:\/\/organizator.com.br\/ctdoc\/wp-json\/wp\/v2\/users\/2"}],"replies":[{"embeddable":true,"href":"https:\/\/organizator.com.br\/ctdoc\/wp-json\/wp\/v2\/comments?post=2866"}],"version-history":[{"count":0,"href":"https:\/\/organizator.com.br\/ctdoc\/wp-json\/wp\/v2\/posts\/2866\/revisions"}],"wp:featuredmedia":[{"embeddable":true,"href":"https:\/\/organizator.com.br\/ctdoc\/wp-json\/wp\/v2\/media\/2870"}],"wp:attachment":[{"href":"https:\/\/organizator.com.br\/ctdoc\/wp-json\/wp\/v2\/media?parent=2866"}],"wp:term":[{"taxonomy":"category","embeddable":true,"href":"https:\/\/organizator.com.br\/ctdoc\/wp-json\/wp\/v2\/categories?post=2866"},{"taxonomy":"post_tag","embeddable":true,"href":"https:\/\/organizator.com.br\/ctdoc\/wp-json\/wp\/v2\/tags?post=2866"}],"curies":[{"name":"wp","href":"https:\/\/api.w.org\/{rel}","templated":true}]}}