{"id":2683,"date":"2022-05-03T17:22:27","date_gmt":"2022-05-03T20:22:27","guid":{"rendered":"https:\/\/ctdoc.com.br\/?p=2683"},"modified":"2022-05-03T17:22:27","modified_gmt":"2022-05-03T20:22:27","slug":"seus-arquivos-estao-em-conformidade-com-o-decreto-10-278","status":"publish","type":"post","link":"https:\/\/organizator.com.br\/ctdoc\/seus-arquivos-estao-em-conformidade-com-o-decreto-10-278\/","title":{"rendered":"Seus arquivos est\u00e3o em conformidade com o Decreto 10.278?"},"content":{"rendered":"\n<p class=\"wp-block-paragraph\">Muita gente conhece a lei que permite digitalizar os documentos f\u00edsicos e descartar os originais (Decreto 10.278\/2020), por\u00e9m, s\u00e3o poucos os projetos de digitaliza\u00e7\u00e3o que apresentam conformidade com esta legisla\u00e7\u00e3o. <strong>Para ter validade jur\u00eddica as imagens capturadas necessitam de certifica\u00e7\u00e3o digital<\/strong>, e o que pouca gente sabe \u00e9 que isto onera a digitaliza\u00e7\u00e3o. Al\u00e9m do custo por folha digitalizada, \u00e9 necess\u00e1rio considerar o custo da certifica\u00e7\u00e3o do arquivo em PDF.<\/p>\n\n\n\n<p class=\"wp-block-paragraph\">Outro ponto que passa despercebido pelas empresas \u00e9 a <strong>necessidade de ter um sistema de gest\u00e3o eletr\u00f4nica de documentos \u2013 um GED \u2013 para armazenar estas imagens<\/strong>. \u00c9 imposs\u00edvel indexar os documentos com todos os metadados exigidos no decreto sem um sistema especialista. Ou seja, digitalizar as imagens, certific\u00e1-las e jog\u00e1-las na rede corporativa, tampouco torna os seus documentos f\u00edsicos pass\u00edveis de descarte.<\/p>\n\n\n\n<p class=\"wp-block-paragraph\">Al\u00e9m disso, o crescimento da assinatura digital durante o confinamento criou um dossi\u00ea que <strong>dificulta a \u201ccombina\u00e7\u00e3o\u201d dos arquivos por conta da assinatura digital<\/strong>.<\/p>\n\n\n\n<p class=\"wp-block-paragraph\">A digitaliza\u00e7\u00e3o dos processos explodiu neste per\u00edodo. <strong>As empresas passaram a receber um volume e uma variedade enorme de documentos de clientes e fornecedores de forma eletr\u00f4nica. Estas imagens \u00a0exigem um tratamento<\/strong> respeitando um padr\u00e3o (formato, peso e resolu\u00e7\u00e3o) permitindo n\u00e3o s\u00f3 um acesso r\u00e1pido como tamb\u00e9m, anex\u00e1-las a e-mails.<\/p>\n\n\n\n<p class=\"wp-block-paragraph\">Estes s\u00e3o alguns temas abordados em nosso pr\u00f3ximo webinar TRATAMENTO DE IMAGEM O FUTURO DA DIGITALIZA\u00c7\u00c3O ser realizado em 26 de maio. <a href=\"https:\/\/organizator.com.br\/ctdoc\/produto\/lgpd-digitalizacao\/\" data-type=\"URL\" data-id=\"https:\/\/ctdoc.com.br\/produto\/lgpd-digitalizacao\/\" target=\"_blank\" rel=\"noreferrer noopener\">Confira o programa.<\/a>\n","protected":false},"excerpt":{"rendered":"<p>Muita gente conhece a lei que permite digitalizar os documentos f\u00edsicos e descartar os originais (Decreto 10.278\/2020), por\u00e9m, s\u00e3o poucos os projetos de digitaliza\u00e7\u00e3o que apresentam conformidade com esta legisla\u00e7\u00e3o. Para ter validade jur\u00eddica as imagens capturadas necessitam de certifica\u00e7\u00e3o digital, e o que pouca gente sabe \u00e9 que isto onera a digitaliza\u00e7\u00e3o. Al\u00e9m do [&hellip;]<\/p>\n","protected":false},"author":2,"featured_media":2684,"comment_status":"open","ping_status":"open","sticky":false,"template":"","format":"standard","meta":{"footnotes":""},"categories":[9],"tags":[],"class_list":["post-2683","post","type-post","status-publish","format-standard","has-post-thumbnail","hentry","category-digitalizacao"],"yoast_head":"<!-- This site is optimized with the Yoast SEO plugin v28.4 - https:\/\/yoast.com\/product\/yoast-seo-wordpress\/ -->\n<title>Seus arquivos est\u00e3o em conformidade com o Decreto 10.278? - CTDOC<\/title>\n<meta name=\"robots\" content=\"index, follow, max-snippet:-1, max-image-preview:large, max-video-preview:-1\" \/>\n<link rel=\"canonical\" href=\"https:\/\/organizator.com.br\/ctdoc\/seus-arquivos-estao-em-conformidade-com-o-decreto-10-278\/\" \/>\n<meta property=\"og:locale\" content=\"pt_BR\" \/>\n<meta property=\"og:type\" content=\"article\" \/>\n<meta property=\"og:title\" content=\"Seus arquivos est\u00e3o em conformidade com o Decreto 10.278? - CTDOC\" \/>\n<meta property=\"og:description\" content=\"Muita gente conhece a lei que permite digitalizar os documentos f\u00edsicos e descartar os originais (Decreto 10.278\/2020), por\u00e9m, s\u00e3o poucos os projetos de digitaliza\u00e7\u00e3o que apresentam conformidade com esta legisla\u00e7\u00e3o. Para ter validade jur\u00eddica as imagens capturadas necessitam de certifica\u00e7\u00e3o digital, e o que pouca gente sabe \u00e9 que isto onera a digitaliza\u00e7\u00e3o. Al\u00e9m do [&hellip;]\" \/>\n<meta property=\"og:url\" content=\"https:\/\/organizator.com.br\/ctdoc\/seus-arquivos-estao-em-conformidade-com-o-decreto-10-278\/\" \/>\n<meta property=\"og:site_name\" content=\"CTDOC\" \/>\n<meta property=\"article:published_time\" content=\"2022-05-03T20:22:27+00:00\" \/>\n<meta property=\"og:image\" content=\"https:\/\/organizator.com.br\/ctdoc\/wp-content\/uploads\/2022\/05\/Conformidade-Decreto-10278-Blog.png\" \/>\n\t<meta property=\"og:image:width\" content=\"600\" \/>\n\t<meta property=\"og:image:height\" content=\"400\" \/>\n\t<meta property=\"og:image:type\" content=\"image\/png\" \/>\n<meta name=\"author\" content=\"Elaine Restier\" \/>\n<meta name=\"twitter:card\" content=\"summary_large_image\" \/>\n<meta name=\"twitter:label1\" content=\"Escrito por\" \/>\n\t<meta name=\"twitter:data1\" content=\"Elaine Restier\" \/>\n\t<meta name=\"twitter:label2\" content=\"Est. tempo de leitura\" \/>\n\t<meta name=\"twitter:data2\" content=\"1 minuto\" \/>\n<script type=\"application\/ld+json\" class=\"yoast-schema-graph\">{\"@context\":\"https:\\\/\\\/schema.org\",\"@graph\":[{\"@type\":\"Article\",\"@id\":\"https:\\\/\\\/organizator.com.br\\\/ctdoc\\\/seus-arquivos-estao-em-conformidade-com-o-decreto-10-278\\\/#article\",\"isPartOf\":{\"@id\":\"https:\\\/\\\/organizator.com.br\\\/ctdoc\\\/seus-arquivos-estao-em-conformidade-com-o-decreto-10-278\\\/\"},\"author\":{\"name\":\"Elaine Restier\",\"@id\":\"https:\\\/\\\/organizator.com.br\\\/ctdoc\\\/#\\\/schema\\\/person\\\/3a1e62f206bc1ee7ccb2118dc383658b\"},\"headline\":\"Seus arquivos est\u00e3o em conformidade com o Decreto 10.278?\",\"datePublished\":\"2022-05-03T20:22:27+00:00\",\"mainEntityOfPage\":{\"@id\":\"https:\\\/\\\/organizator.com.br\\\/ctdoc\\\/seus-arquivos-estao-em-conformidade-com-o-decreto-10-278\\\/\"},\"wordCount\":265,\"commentCount\":0,\"publisher\":{\"@id\":\"https:\\\/\\\/organizator.com.br\\\/ctdoc\\\/#organization\"},\"image\":{\"@id\":\"https:\\\/\\\/organizator.com.br\\\/ctdoc\\\/seus-arquivos-estao-em-conformidade-com-o-decreto-10-278\\\/#primaryimage\"},\"thumbnailUrl\":\"https:\\\/\\\/organizator.com.br\\\/ctdoc\\\/wp-content\\\/uploads\\\/2022\\\/05\\\/Conformidade-Decreto-10278-Blog.png\",\"articleSection\":[\"Digitaliza\u00e7\u00e3o\"],\"inLanguage\":\"pt-BR\",\"potentialAction\":[{\"@type\":\"CommentAction\",\"name\":\"Comment\",\"target\":[\"https:\\\/\\\/organizator.com.br\\\/ctdoc\\\/seus-arquivos-estao-em-conformidade-com-o-decreto-10-278\\\/#respond\"]}]},{\"@type\":\"WebPage\",\"@id\":\"https:\\\/\\\/organizator.com.br\\\/ctdoc\\\/seus-arquivos-estao-em-conformidade-com-o-decreto-10-278\\\/\",\"url\":\"https:\\\/\\\/organizator.com.br\\\/ctdoc\\\/seus-arquivos-estao-em-conformidade-com-o-decreto-10-278\\\/\",\"name\":\"Seus arquivos est\u00e3o em conformidade com o Decreto 10.278? - CTDOC\",\"isPartOf\":{\"@id\":\"https:\\\/\\\/organizator.com.br\\\/ctdoc\\\/#website\"},\"primaryImageOfPage\":{\"@id\":\"https:\\\/\\\/organizator.com.br\\\/ctdoc\\\/seus-arquivos-estao-em-conformidade-com-o-decreto-10-278\\\/#primaryimage\"},\"image\":{\"@id\":\"https:\\\/\\\/organizator.com.br\\\/ctdoc\\\/seus-arquivos-estao-em-conformidade-com-o-decreto-10-278\\\/#primaryimage\"},\"thumbnailUrl\":\"https:\\\/\\\/organizator.com.br\\\/ctdoc\\\/wp-content\\\/uploads\\\/2022\\\/05\\\/Conformidade-Decreto-10278-Blog.png\",\"datePublished\":\"2022-05-03T20:22:27+00:00\",\"breadcrumb\":{\"@id\":\"https:\\\/\\\/organizator.com.br\\\/ctdoc\\\/seus-arquivos-estao-em-conformidade-com-o-decreto-10-278\\\/#breadcrumb\"},\"inLanguage\":\"pt-BR\",\"potentialAction\":[{\"@type\":\"ReadAction\",\"target\":[\"https:\\\/\\\/organizator.com.br\\\/ctdoc\\\/seus-arquivos-estao-em-conformidade-com-o-decreto-10-278\\\/\"]}]},{\"@type\":\"ImageObject\",\"inLanguage\":\"pt-BR\",\"@id\":\"https:\\\/\\\/organizator.com.br\\\/ctdoc\\\/seus-arquivos-estao-em-conformidade-com-o-decreto-10-278\\\/#primaryimage\",\"url\":\"https:\\\/\\\/organizator.com.br\\\/ctdoc\\\/wp-content\\\/uploads\\\/2022\\\/05\\\/Conformidade-Decreto-10278-Blog.png\",\"contentUrl\":\"https:\\\/\\\/organizator.com.br\\\/ctdoc\\\/wp-content\\\/uploads\\\/2022\\\/05\\\/Conformidade-Decreto-10278-Blog.png\",\"width\":600,\"height\":400},{\"@type\":\"BreadcrumbList\",\"@id\":\"https:\\\/\\\/organizator.com.br\\\/ctdoc\\\/seus-arquivos-estao-em-conformidade-com-o-decreto-10-278\\\/#breadcrumb\",\"itemListElement\":[{\"@type\":\"ListItem\",\"position\":1,\"name\":\"In\u00edcio\",\"item\":\"https:\\\/\\\/organizator.com.br\\\/ctdoc\\\/\"},{\"@type\":\"ListItem\",\"position\":2,\"name\":\"Seus arquivos est\u00e3o em conformidade com o Decreto 10.278?\"}]},{\"@type\":\"WebSite\",\"@id\":\"https:\\\/\\\/organizator.com.br\\\/ctdoc\\\/#website\",\"url\":\"https:\\\/\\\/organizator.com.br\\\/ctdoc\\\/\",\"name\":\"CTDOC - Centro de Treinamento em Documenta\u00e7\u00e3o\",\"description\":\"Programas de treinamento voltados para bibliotec\u00e1rios, arquivistas e profissionais da informa\u00e7\u00e3o, baseados em 3 pilares: t\u00e9cnico, legal e tecnol\u00f3gico.\",\"publisher\":{\"@id\":\"https:\\\/\\\/organizator.com.br\\\/ctdoc\\\/#organization\"},\"alternateName\":\"CTDOC\",\"potentialAction\":[{\"@type\":\"SearchAction\",\"target\":{\"@type\":\"EntryPoint\",\"urlTemplate\":\"https:\\\/\\\/organizator.com.br\\\/ctdoc\\\/?s={search_term_string}\"},\"query-input\":{\"@type\":\"PropertyValueSpecification\",\"valueRequired\":true,\"valueName\":\"search_term_string\"}}],\"inLanguage\":\"pt-BR\"},{\"@type\":\"Organization\",\"@id\":\"https:\\\/\\\/organizator.com.br\\\/ctdoc\\\/#organization\",\"name\":\"CTDOC - Centro de Treinamento em Documenta\u00e7\u00e3o\",\"alternateName\":\"CTDOC\",\"url\":\"https:\\\/\\\/organizator.com.br\\\/ctdoc\\\/\",\"logo\":{\"@type\":\"ImageObject\",\"inLanguage\":\"pt-BR\",\"@id\":\"https:\\\/\\\/organizator.com.br\\\/ctdoc\\\/#\\\/schema\\\/logo\\\/image\\\/\",\"url\":\"https:\\\/\\\/organizator.com.br\\\/ctdoc\\\/wp-content\\\/uploads\\\/2026\\\/09\\\/cropped-ctdoc-logo.webp\",\"contentUrl\":\"https:\\\/\\\/organizator.com.br\\\/ctdoc\\\/wp-content\\\/uploads\\\/2026\\\/09\\\/cropped-ctdoc-logo.webp\",\"width\":1080,\"height\":300,\"caption\":\"CTDOC - Centro de Treinamento em Documenta\u00e7\u00e3o\"},\"image\":{\"@id\":\"https:\\\/\\\/organizator.com.br\\\/ctdoc\\\/#\\\/schema\\\/logo\\\/image\\\/\"},\"sameAs\":[\"https:\\\/\\\/www.linkedin.com\\\/company\\\/ctdoc\\\/\",\"https:\\\/\\\/www.youtube.com\\\/c\\\/mundolegaldosdocumentos\"]},{\"@type\":\"Person\",\"@id\":\"https:\\\/\\\/organizator.com.br\\\/ctdoc\\\/#\\\/schema\\\/person\\\/3a1e62f206bc1ee7ccb2118dc383658b\",\"name\":\"Elaine Restier\",\"image\":{\"@type\":\"ImageObject\",\"inLanguage\":\"pt-BR\",\"@id\":\"https:\\\/\\\/secure.gravatar.com\\\/avatar\\\/?s=96&d=mm&r=g\",\"url\":\"https:\\\/\\\/secure.gravatar.com\\\/avatar\\\/?s=96&d=mm&r=g\",\"contentUrl\":\"https:\\\/\\\/secure.gravatar.com\\\/avatar\\\/?s=96&d=mm&r=g\",\"caption\":\"Elaine Restier\"},\"url\":\"https:\\\/\\\/organizator.com.br\\\/ctdoc\\\/author\\\/elaine-restier\\\/\"}]}<\/script>\n<!-- \/ Yoast SEO plugin. -->","yoast_head_json":{"title":"Seus arquivos est\u00e3o em conformidade com o Decreto 10.278? - CTDOC","robots":{"index":"index","follow":"follow","max-snippet":"max-snippet:-1","max-image-preview":"max-image-preview:large","max-video-preview":"max-video-preview:-1"},"canonical":"https:\/\/organizator.com.br\/ctdoc\/seus-arquivos-estao-em-conformidade-com-o-decreto-10-278\/","og_locale":"pt_BR","og_type":"article","og_title":"Seus arquivos est\u00e3o em conformidade com o Decreto 10.278? - CTDOC","og_description":"Muita gente conhece a lei que permite digitalizar os documentos f\u00edsicos e descartar os originais (Decreto 10.278\/2020), por\u00e9m, s\u00e3o poucos os projetos de digitaliza\u00e7\u00e3o que apresentam conformidade com esta legisla\u00e7\u00e3o. Para ter validade jur\u00eddica as imagens capturadas necessitam de certifica\u00e7\u00e3o digital, e o que pouca gente sabe \u00e9 que isto onera a digitaliza\u00e7\u00e3o. Al\u00e9m do [&hellip;]","og_url":"https:\/\/organizator.com.br\/ctdoc\/seus-arquivos-estao-em-conformidade-com-o-decreto-10-278\/","og_site_name":"CTDOC","article_published_time":"2022-05-03T20:22:27+00:00","og_image":[{"width":600,"height":400,"url":"https:\/\/organizator.com.br\/ctdoc\/wp-content\/uploads\/2022\/05\/Conformidade-Decreto-10278-Blog.png","type":"image\/png"}],"author":"Elaine Restier","twitter_card":"summary_large_image","twitter_misc":{"Escrito por":"Elaine Restier","Est. tempo de leitura":"1 minuto"},"schema":{"@context":"https:\/\/schema.org","@graph":[{"@type":"Article","@id":"https:\/\/organizator.com.br\/ctdoc\/seus-arquivos-estao-em-conformidade-com-o-decreto-10-278\/#article","isPartOf":{"@id":"https:\/\/organizator.com.br\/ctdoc\/seus-arquivos-estao-em-conformidade-com-o-decreto-10-278\/"},"author":{"name":"Elaine Restier","@id":"https:\/\/organizator.com.br\/ctdoc\/#\/schema\/person\/3a1e62f206bc1ee7ccb2118dc383658b"},"headline":"Seus arquivos est\u00e3o em conformidade com o Decreto 10.278?","datePublished":"2022-05-03T20:22:27+00:00","mainEntityOfPage":{"@id":"https:\/\/organizator.com.br\/ctdoc\/seus-arquivos-estao-em-conformidade-com-o-decreto-10-278\/"},"wordCount":265,"commentCount":0,"publisher":{"@id":"https:\/\/organizator.com.br\/ctdoc\/#organization"},"image":{"@id":"https:\/\/organizator.com.br\/ctdoc\/seus-arquivos-estao-em-conformidade-com-o-decreto-10-278\/#primaryimage"},"thumbnailUrl":"https:\/\/organizator.com.br\/ctdoc\/wp-content\/uploads\/2022\/05\/Conformidade-Decreto-10278-Blog.png","articleSection":["Digitaliza\u00e7\u00e3o"],"inLanguage":"pt-BR","potentialAction":[{"@type":"CommentAction","name":"Comment","target":["https:\/\/organizator.com.br\/ctdoc\/seus-arquivos-estao-em-conformidade-com-o-decreto-10-278\/#respond"]}]},{"@type":"WebPage","@id":"https:\/\/organizator.com.br\/ctdoc\/seus-arquivos-estao-em-conformidade-com-o-decreto-10-278\/","url":"https:\/\/organizator.com.br\/ctdoc\/seus-arquivos-estao-em-conformidade-com-o-decreto-10-278\/","name":"Seus arquivos est\u00e3o em conformidade com o Decreto 10.278? - CTDOC","isPartOf":{"@id":"https:\/\/organizator.com.br\/ctdoc\/#website"},"primaryImageOfPage":{"@id":"https:\/\/organizator.com.br\/ctdoc\/seus-arquivos-estao-em-conformidade-com-o-decreto-10-278\/#primaryimage"},"image":{"@id":"https:\/\/organizator.com.br\/ctdoc\/seus-arquivos-estao-em-conformidade-com-o-decreto-10-278\/#primaryimage"},"thumbnailUrl":"https:\/\/organizator.com.br\/ctdoc\/wp-content\/uploads\/2022\/05\/Conformidade-Decreto-10278-Blog.png","datePublished":"2022-05-03T20:22:27+00:00","breadcrumb":{"@id":"https:\/\/organizator.com.br\/ctdoc\/seus-arquivos-estao-em-conformidade-com-o-decreto-10-278\/#breadcrumb"},"inLanguage":"pt-BR","potentialAction":[{"@type":"ReadAction","target":["https:\/\/organizator.com.br\/ctdoc\/seus-arquivos-estao-em-conformidade-com-o-decreto-10-278\/"]}]},{"@type":"ImageObject","inLanguage":"pt-BR","@id":"https:\/\/organizator.com.br\/ctdoc\/seus-arquivos-estao-em-conformidade-com-o-decreto-10-278\/#primaryimage","url":"https:\/\/organizator.com.br\/ctdoc\/wp-content\/uploads\/2022\/05\/Conformidade-Decreto-10278-Blog.png","contentUrl":"https:\/\/organizator.com.br\/ctdoc\/wp-content\/uploads\/2022\/05\/Conformidade-Decreto-10278-Blog.png","width":600,"height":400},{"@type":"BreadcrumbList","@id":"https:\/\/organizator.com.br\/ctdoc\/seus-arquivos-estao-em-conformidade-com-o-decreto-10-278\/#breadcrumb","itemListElement":[{"@type":"ListItem","position":1,"name":"In\u00edcio","item":"https:\/\/organizator.com.br\/ctdoc\/"},{"@type":"ListItem","position":2,"name":"Seus arquivos est\u00e3o em conformidade com o Decreto 10.278?"}]},{"@type":"WebSite","@id":"https:\/\/organizator.com.br\/ctdoc\/#website","url":"https:\/\/organizator.com.br\/ctdoc\/","name":"CTDOC - Centro de Treinamento em Documenta\u00e7\u00e3o","description":"Programas de treinamento voltados para bibliotec\u00e1rios, arquivistas e profissionais da informa\u00e7\u00e3o, baseados em 3 pilares: t\u00e9cnico, legal e tecnol\u00f3gico.","publisher":{"@id":"https:\/\/organizator.com.br\/ctdoc\/#organization"},"alternateName":"CTDOC","potentialAction":[{"@type":"SearchAction","target":{"@type":"EntryPoint","urlTemplate":"https:\/\/organizator.com.br\/ctdoc\/?s={search_term_string}"},"query-input":{"@type":"PropertyValueSpecification","valueRequired":true,"valueName":"search_term_string"}}],"inLanguage":"pt-BR"},{"@type":"Organization","@id":"https:\/\/organizator.com.br\/ctdoc\/#organization","name":"CTDOC - Centro de Treinamento em Documenta\u00e7\u00e3o","alternateName":"CTDOC","url":"https:\/\/organizator.com.br\/ctdoc\/","logo":{"@type":"ImageObject","inLanguage":"pt-BR","@id":"https:\/\/organizator.com.br\/ctdoc\/#\/schema\/logo\/image\/","url":"https:\/\/organizator.com.br\/ctdoc\/wp-content\/uploads\/2026\/09\/cropped-ctdoc-logo.webp","contentUrl":"https:\/\/organizator.com.br\/ctdoc\/wp-content\/uploads\/2026\/09\/cropped-ctdoc-logo.webp","width":1080,"height":300,"caption":"CTDOC - Centro de Treinamento em Documenta\u00e7\u00e3o"},"image":{"@id":"https:\/\/organizator.com.br\/ctdoc\/#\/schema\/logo\/image\/"},"sameAs":["https:\/\/www.linkedin.com\/company\/ctdoc\/","https:\/\/www.youtube.com\/c\/mundolegaldosdocumentos"]},{"@type":"Person","@id":"https:\/\/organizator.com.br\/ctdoc\/#\/schema\/person\/3a1e62f206bc1ee7ccb2118dc383658b","name":"Elaine Restier","image":{"@type":"ImageObject","inLanguage":"pt-BR","@id":"https:\/\/secure.gravatar.com\/avatar\/?s=96&d=mm&r=g","url":"https:\/\/secure.gravatar.com\/avatar\/?s=96&d=mm&r=g","contentUrl":"https:\/\/secure.gravatar.com\/avatar\/?s=96&d=mm&r=g","caption":"Elaine Restier"},"url":"https:\/\/organizator.com.br\/ctdoc\/author\/elaine-restier\/"}]}},"_links":{"self":[{"href":"https:\/\/organizator.com.br\/ctdoc\/wp-json\/wp\/v2\/posts\/2683","targetHints":{"allow":["GET"]}}],"collection":[{"href":"https:\/\/organizator.com.br\/ctdoc\/wp-json\/wp\/v2\/posts"}],"about":[{"href":"https:\/\/organizator.com.br\/ctdoc\/wp-json\/wp\/v2\/types\/post"}],"author":[{"embeddable":true,"href":"https:\/\/organizator.com.br\/ctdoc\/wp-json\/wp\/v2\/users\/2"}],"replies":[{"embeddable":true,"href":"https:\/\/organizator.com.br\/ctdoc\/wp-json\/wp\/v2\/comments?post=2683"}],"version-history":[{"count":0,"href":"https:\/\/organizator.com.br\/ctdoc\/wp-json\/wp\/v2\/posts\/2683\/revisions"}],"wp:featuredmedia":[{"embeddable":true,"href":"https:\/\/organizator.com.br\/ctdoc\/wp-json\/wp\/v2\/media\/2684"}],"wp:attachment":[{"href":"https:\/\/organizator.com.br\/ctdoc\/wp-json\/wp\/v2\/media?parent=2683"}],"wp:term":[{"taxonomy":"category","embeddable":true,"href":"https:\/\/organizator.com.br\/ctdoc\/wp-json\/wp\/v2\/categories?post=2683"},{"taxonomy":"post_tag","embeddable":true,"href":"https:\/\/organizator.com.br\/ctdoc\/wp-json\/wp\/v2\/tags?post=2683"}],"curies":[{"name":"wp","href":"https:\/\/api.w.org\/{rel}","templated":true}]}}