{"id":2293,"date":"2021-08-06T12:01:44","date_gmt":"2021-08-06T15:01:44","guid":{"rendered":"https:\/\/ctdoc.com.br\/?p=2293"},"modified":"2021-08-06T12:01:44","modified_gmt":"2021-08-06T15:01:44","slug":"evite-sancoes-administrativas-da-lgpd","status":"publish","type":"post","link":"https:\/\/organizator.com.br\/ctdoc\/evite-sancoes-administrativas-da-lgpd\/","title":{"rendered":"Evite san\u00e7\u00f5es administrativas da LGPD"},"content":{"rendered":"\n<figure class=\"wp-block-image size-full\"><img loading=\"lazy\" decoding=\"async\" width=\"600\" height=\"400\" src=\"https:\/\/organizator.com.br\/ctdoc\/wp-content\/uploads\/2021\/08\/Sancoes-Administrativas-Blog.png\" alt=\"\" class=\"wp-image-2294\" srcset=\"https:\/\/organizator.com.br\/ctdoc\/wp-content\/uploads\/2021\/08\/Sancoes-Administrativas-Blog.png 600w, https:\/\/organizator.com.br\/ctdoc\/wp-content\/uploads\/2021\/08\/Sancoes-Administrativas-Blog-365x243.png 365w, https:\/\/organizator.com.br\/ctdoc\/wp-content\/uploads\/2021\/08\/Sancoes-Administrativas-Blog-300x200.png 300w\" sizes=\"(max-width: 600px) 100vw, 600px\" \/><\/figure>\n\n\n\n<p class=\"wp-block-paragraph\">Desde o in\u00edcio de agosto passou a ser poss\u00edvel penalizar as empresas com base na LGPD. Apesar da Lei 13.709 ter entrado em vigor em 2018, as san\u00e7\u00f5es administrativas s\u00f3 passaram a valer agora. Como assim? se mais de 600 empresas j\u00e1 foram ajuizadas?<\/p>\n\n\n\n<p class=\"wp-block-paragraph\">Os processos abertos at\u00e9 o momento acionaram outros \u00f3rg\u00e3os e regulamenta\u00e7\u00f5es, tais como Procon e Minist\u00e9rio P\u00fablico. Apesar de citarem a LGPD, estes processos foram embasados em outras regulamenta\u00e7\u00f5es, tais como C\u00f3digo de Defesa do Consumidor, Marco Civil da Internet etc..<\/p>\n\n\n\n<blockquote class=\"wp-block-quote is-layout-flow wp-block-quote-is-layout-flow\"><p>A partir deste m\u00eas a ANPD, \u00f3rg\u00e3o respons\u00e1vel pela fiscaliza\u00e7\u00e3o da prote\u00e7\u00e3o de dados, pode fiscalizar e definir san\u00e7\u00f5es que n\u00e3o necessariamente sejam multas. Por exemplo, retirar um servi\u00e7o do ar.<\/p><\/blockquote>\n\n\n\n<p class=\"wp-block-paragraph\"><strong>A prote\u00e7\u00e3o de dados est\u00e1 intimamente relacionada com o acesso \u00e0 documenta\u00e7\u00e3o. Muitos dados pessoais est\u00e3o registrados em documentos que necessitam estar em conformidade com esta lei. Isto afeta, al\u00e9m de um controle dos grupos de acessos, a documenta\u00e7\u00e3o f\u00edsica armazenada em guardas terceirizadas.<\/strong><\/p>\n\n\n\n<p class=\"wp-block-paragraph\">O CTDOC tem um programa online sobre <strong>COMPLIANCE DOCUMENTAL <\/strong>com um conte\u00fado denso sobre a LGPD e a seguran\u00e7a de acesso. A <strong>pr\u00f3xima turma ser\u00e1 nos dias 25 e 26 de agosto<\/strong>. <a rel=\"noreferrer noopener\" href=\"https:\/\/organizator.com.br\/ctdoc\/produto\/compliance-documental\/\" target=\"_blank\">Confira o programa aqui.<\/a>\n","protected":false},"excerpt":{"rendered":"<p>Desde o in\u00edcio de agosto passou a ser poss\u00edvel penalizar as empresas com base na LGPD. Apesar da Lei 13.709 ter entrado em vigor em 2018, as san\u00e7\u00f5es administrativas s\u00f3 passaram a valer agora. Como assim? se mais de 600 empresas j\u00e1 foram ajuizadas? Os processos abertos at\u00e9 o momento acionaram outros \u00f3rg\u00e3os e regulamenta\u00e7\u00f5es, [&hellip;]<\/p>\n","protected":false},"author":2,"featured_media":2294,"comment_status":"open","ping_status":"open","sticky":false,"template":"","format":"standard","meta":{"footnotes":""},"categories":[7],"tags":[],"class_list":["post-2293","post","type-post","status-publish","format-standard","has-post-thumbnail","hentry","category-compliance"],"yoast_head":"<!-- This site is optimized with the Yoast SEO plugin v28.4 - https:\/\/yoast.com\/product\/yoast-seo-wordpress\/ -->\n<title>Evite san\u00e7\u00f5es administrativas da LGPD - CTDOC<\/title>\n<meta name=\"robots\" content=\"index, follow, max-snippet:-1, max-image-preview:large, max-video-preview:-1\" \/>\n<link rel=\"canonical\" href=\"https:\/\/organizator.com.br\/ctdoc\/evite-sancoes-administrativas-da-lgpd\/\" \/>\n<meta property=\"og:locale\" content=\"pt_BR\" \/>\n<meta property=\"og:type\" content=\"article\" \/>\n<meta property=\"og:title\" content=\"Evite san\u00e7\u00f5es administrativas da LGPD - CTDOC\" \/>\n<meta property=\"og:description\" content=\"Desde o in\u00edcio de agosto passou a ser poss\u00edvel penalizar as empresas com base na LGPD. Apesar da Lei 13.709 ter entrado em vigor em 2018, as san\u00e7\u00f5es administrativas s\u00f3 passaram a valer agora. Como assim? se mais de 600 empresas j\u00e1 foram ajuizadas? Os processos abertos at\u00e9 o momento acionaram outros \u00f3rg\u00e3os e regulamenta\u00e7\u00f5es, [&hellip;]\" \/>\n<meta property=\"og:url\" content=\"https:\/\/organizator.com.br\/ctdoc\/evite-sancoes-administrativas-da-lgpd\/\" \/>\n<meta property=\"og:site_name\" content=\"CTDOC\" \/>\n<meta property=\"article:published_time\" content=\"2021-08-06T15:01:44+00:00\" \/>\n<meta property=\"og:image\" content=\"https:\/\/organizator.com.br\/ctdoc\/wp-content\/uploads\/2021\/08\/Sancoes-Administrativas-Blog.png\" \/>\n\t<meta property=\"og:image:width\" content=\"600\" \/>\n\t<meta property=\"og:image:height\" content=\"400\" \/>\n\t<meta property=\"og:image:type\" content=\"image\/png\" \/>\n<meta name=\"author\" content=\"Elaine Restier\" \/>\n<meta name=\"twitter:card\" content=\"summary_large_image\" \/>\n<meta name=\"twitter:label1\" content=\"Escrito por\" \/>\n\t<meta name=\"twitter:data1\" content=\"Elaine Restier\" \/>\n\t<meta name=\"twitter:label2\" content=\"Est. tempo de leitura\" \/>\n\t<meta name=\"twitter:data2\" content=\"1 minuto\" \/>\n<script type=\"application\/ld+json\" class=\"yoast-schema-graph\">{\"@context\":\"https:\\\/\\\/schema.org\",\"@graph\":[{\"@type\":\"Article\",\"@id\":\"https:\\\/\\\/organizator.com.br\\\/ctdoc\\\/evite-sancoes-administrativas-da-lgpd\\\/#article\",\"isPartOf\":{\"@id\":\"https:\\\/\\\/organizator.com.br\\\/ctdoc\\\/evite-sancoes-administrativas-da-lgpd\\\/\"},\"author\":{\"name\":\"Elaine Restier\",\"@id\":\"https:\\\/\\\/organizator.com.br\\\/ctdoc\\\/#\\\/schema\\\/person\\\/3a1e62f206bc1ee7ccb2118dc383658b\"},\"headline\":\"Evite san\u00e7\u00f5es administrativas da LGPD\",\"datePublished\":\"2021-08-06T15:01:44+00:00\",\"mainEntityOfPage\":{\"@id\":\"https:\\\/\\\/organizator.com.br\\\/ctdoc\\\/evite-sancoes-administrativas-da-lgpd\\\/\"},\"wordCount\":222,\"commentCount\":0,\"publisher\":{\"@id\":\"https:\\\/\\\/organizator.com.br\\\/ctdoc\\\/#organization\"},\"image\":{\"@id\":\"https:\\\/\\\/organizator.com.br\\\/ctdoc\\\/evite-sancoes-administrativas-da-lgpd\\\/#primaryimage\"},\"thumbnailUrl\":\"https:\\\/\\\/organizator.com.br\\\/ctdoc\\\/wp-content\\\/uploads\\\/2021\\\/08\\\/Sancoes-Administrativas-Blog.png\",\"articleSection\":[\"Compliance Documental\"],\"inLanguage\":\"pt-BR\",\"potentialAction\":[{\"@type\":\"CommentAction\",\"name\":\"Comment\",\"target\":[\"https:\\\/\\\/organizator.com.br\\\/ctdoc\\\/evite-sancoes-administrativas-da-lgpd\\\/#respond\"]}]},{\"@type\":\"WebPage\",\"@id\":\"https:\\\/\\\/organizator.com.br\\\/ctdoc\\\/evite-sancoes-administrativas-da-lgpd\\\/\",\"url\":\"https:\\\/\\\/organizator.com.br\\\/ctdoc\\\/evite-sancoes-administrativas-da-lgpd\\\/\",\"name\":\"Evite san\u00e7\u00f5es administrativas da LGPD - CTDOC\",\"isPartOf\":{\"@id\":\"https:\\\/\\\/organizator.com.br\\\/ctdoc\\\/#website\"},\"primaryImageOfPage\":{\"@id\":\"https:\\\/\\\/organizator.com.br\\\/ctdoc\\\/evite-sancoes-administrativas-da-lgpd\\\/#primaryimage\"},\"image\":{\"@id\":\"https:\\\/\\\/organizator.com.br\\\/ctdoc\\\/evite-sancoes-administrativas-da-lgpd\\\/#primaryimage\"},\"thumbnailUrl\":\"https:\\\/\\\/organizator.com.br\\\/ctdoc\\\/wp-content\\\/uploads\\\/2021\\\/08\\\/Sancoes-Administrativas-Blog.png\",\"datePublished\":\"2021-08-06T15:01:44+00:00\",\"breadcrumb\":{\"@id\":\"https:\\\/\\\/organizator.com.br\\\/ctdoc\\\/evite-sancoes-administrativas-da-lgpd\\\/#breadcrumb\"},\"inLanguage\":\"pt-BR\",\"potentialAction\":[{\"@type\":\"ReadAction\",\"target\":[\"https:\\\/\\\/organizator.com.br\\\/ctdoc\\\/evite-sancoes-administrativas-da-lgpd\\\/\"]}]},{\"@type\":\"ImageObject\",\"inLanguage\":\"pt-BR\",\"@id\":\"https:\\\/\\\/organizator.com.br\\\/ctdoc\\\/evite-sancoes-administrativas-da-lgpd\\\/#primaryimage\",\"url\":\"https:\\\/\\\/organizator.com.br\\\/ctdoc\\\/wp-content\\\/uploads\\\/2021\\\/08\\\/Sancoes-Administrativas-Blog.png\",\"contentUrl\":\"https:\\\/\\\/organizator.com.br\\\/ctdoc\\\/wp-content\\\/uploads\\\/2021\\\/08\\\/Sancoes-Administrativas-Blog.png\",\"width\":600,\"height\":400},{\"@type\":\"BreadcrumbList\",\"@id\":\"https:\\\/\\\/organizator.com.br\\\/ctdoc\\\/evite-sancoes-administrativas-da-lgpd\\\/#breadcrumb\",\"itemListElement\":[{\"@type\":\"ListItem\",\"position\":1,\"name\":\"In\u00edcio\",\"item\":\"https:\\\/\\\/organizator.com.br\\\/ctdoc\\\/\"},{\"@type\":\"ListItem\",\"position\":2,\"name\":\"Evite san\u00e7\u00f5es administrativas da LGPD\"}]},{\"@type\":\"WebSite\",\"@id\":\"https:\\\/\\\/organizator.com.br\\\/ctdoc\\\/#website\",\"url\":\"https:\\\/\\\/organizator.com.br\\\/ctdoc\\\/\",\"name\":\"CTDOC - Centro de Treinamento em Documenta\u00e7\u00e3o\",\"description\":\"Programas de treinamento voltados para bibliotec\u00e1rios, arquivistas e profissionais da informa\u00e7\u00e3o, baseados em 3 pilares: t\u00e9cnico, legal e tecnol\u00f3gico.\",\"publisher\":{\"@id\":\"https:\\\/\\\/organizator.com.br\\\/ctdoc\\\/#organization\"},\"alternateName\":\"CTDOC\",\"potentialAction\":[{\"@type\":\"SearchAction\",\"target\":{\"@type\":\"EntryPoint\",\"urlTemplate\":\"https:\\\/\\\/organizator.com.br\\\/ctdoc\\\/?s={search_term_string}\"},\"query-input\":{\"@type\":\"PropertyValueSpecification\",\"valueRequired\":true,\"valueName\":\"search_term_string\"}}],\"inLanguage\":\"pt-BR\"},{\"@type\":\"Organization\",\"@id\":\"https:\\\/\\\/organizator.com.br\\\/ctdoc\\\/#organization\",\"name\":\"CTDOC - Centro de Treinamento em Documenta\u00e7\u00e3o\",\"alternateName\":\"CTDOC\",\"url\":\"https:\\\/\\\/organizator.com.br\\\/ctdoc\\\/\",\"logo\":{\"@type\":\"ImageObject\",\"inLanguage\":\"pt-BR\",\"@id\":\"https:\\\/\\\/organizator.com.br\\\/ctdoc\\\/#\\\/schema\\\/logo\\\/image\\\/\",\"url\":\"https:\\\/\\\/organizator.com.br\\\/ctdoc\\\/wp-content\\\/uploads\\\/2026\\\/09\\\/cropped-ctdoc-logo.webp\",\"contentUrl\":\"https:\\\/\\\/organizator.com.br\\\/ctdoc\\\/wp-content\\\/uploads\\\/2026\\\/09\\\/cropped-ctdoc-logo.webp\",\"width\":1080,\"height\":300,\"caption\":\"CTDOC - Centro de Treinamento em Documenta\u00e7\u00e3o\"},\"image\":{\"@id\":\"https:\\\/\\\/organizator.com.br\\\/ctdoc\\\/#\\\/schema\\\/logo\\\/image\\\/\"},\"sameAs\":[\"https:\\\/\\\/www.linkedin.com\\\/company\\\/ctdoc\\\/\",\"https:\\\/\\\/www.youtube.com\\\/c\\\/mundolegaldosdocumentos\"]},{\"@type\":\"Person\",\"@id\":\"https:\\\/\\\/organizator.com.br\\\/ctdoc\\\/#\\\/schema\\\/person\\\/3a1e62f206bc1ee7ccb2118dc383658b\",\"name\":\"Elaine Restier\",\"image\":{\"@type\":\"ImageObject\",\"inLanguage\":\"pt-BR\",\"@id\":\"https:\\\/\\\/secure.gravatar.com\\\/avatar\\\/?s=96&d=mm&r=g\",\"url\":\"https:\\\/\\\/secure.gravatar.com\\\/avatar\\\/?s=96&d=mm&r=g\",\"contentUrl\":\"https:\\\/\\\/secure.gravatar.com\\\/avatar\\\/?s=96&d=mm&r=g\",\"caption\":\"Elaine Restier\"},\"url\":\"https:\\\/\\\/organizator.com.br\\\/ctdoc\\\/author\\\/elaine-restier\\\/\"}]}<\/script>\n<!-- \/ Yoast SEO plugin. -->","yoast_head_json":{"title":"Evite san\u00e7\u00f5es administrativas da LGPD - CTDOC","robots":{"index":"index","follow":"follow","max-snippet":"max-snippet:-1","max-image-preview":"max-image-preview:large","max-video-preview":"max-video-preview:-1"},"canonical":"https:\/\/organizator.com.br\/ctdoc\/evite-sancoes-administrativas-da-lgpd\/","og_locale":"pt_BR","og_type":"article","og_title":"Evite san\u00e7\u00f5es administrativas da LGPD - CTDOC","og_description":"Desde o in\u00edcio de agosto passou a ser poss\u00edvel penalizar as empresas com base na LGPD. Apesar da Lei 13.709 ter entrado em vigor em 2018, as san\u00e7\u00f5es administrativas s\u00f3 passaram a valer agora. Como assim? se mais de 600 empresas j\u00e1 foram ajuizadas? Os processos abertos at\u00e9 o momento acionaram outros \u00f3rg\u00e3os e regulamenta\u00e7\u00f5es, [&hellip;]","og_url":"https:\/\/organizator.com.br\/ctdoc\/evite-sancoes-administrativas-da-lgpd\/","og_site_name":"CTDOC","article_published_time":"2021-08-06T15:01:44+00:00","og_image":[{"width":600,"height":400,"url":"https:\/\/organizator.com.br\/ctdoc\/wp-content\/uploads\/2021\/08\/Sancoes-Administrativas-Blog.png","type":"image\/png"}],"author":"Elaine Restier","twitter_card":"summary_large_image","twitter_misc":{"Escrito por":"Elaine Restier","Est. tempo de leitura":"1 minuto"},"schema":{"@context":"https:\/\/schema.org","@graph":[{"@type":"Article","@id":"https:\/\/organizator.com.br\/ctdoc\/evite-sancoes-administrativas-da-lgpd\/#article","isPartOf":{"@id":"https:\/\/organizator.com.br\/ctdoc\/evite-sancoes-administrativas-da-lgpd\/"},"author":{"name":"Elaine Restier","@id":"https:\/\/organizator.com.br\/ctdoc\/#\/schema\/person\/3a1e62f206bc1ee7ccb2118dc383658b"},"headline":"Evite san\u00e7\u00f5es administrativas da LGPD","datePublished":"2021-08-06T15:01:44+00:00","mainEntityOfPage":{"@id":"https:\/\/organizator.com.br\/ctdoc\/evite-sancoes-administrativas-da-lgpd\/"},"wordCount":222,"commentCount":0,"publisher":{"@id":"https:\/\/organizator.com.br\/ctdoc\/#organization"},"image":{"@id":"https:\/\/organizator.com.br\/ctdoc\/evite-sancoes-administrativas-da-lgpd\/#primaryimage"},"thumbnailUrl":"https:\/\/organizator.com.br\/ctdoc\/wp-content\/uploads\/2021\/08\/Sancoes-Administrativas-Blog.png","articleSection":["Compliance Documental"],"inLanguage":"pt-BR","potentialAction":[{"@type":"CommentAction","name":"Comment","target":["https:\/\/organizator.com.br\/ctdoc\/evite-sancoes-administrativas-da-lgpd\/#respond"]}]},{"@type":"WebPage","@id":"https:\/\/organizator.com.br\/ctdoc\/evite-sancoes-administrativas-da-lgpd\/","url":"https:\/\/organizator.com.br\/ctdoc\/evite-sancoes-administrativas-da-lgpd\/","name":"Evite san\u00e7\u00f5es administrativas da LGPD - CTDOC","isPartOf":{"@id":"https:\/\/organizator.com.br\/ctdoc\/#website"},"primaryImageOfPage":{"@id":"https:\/\/organizator.com.br\/ctdoc\/evite-sancoes-administrativas-da-lgpd\/#primaryimage"},"image":{"@id":"https:\/\/organizator.com.br\/ctdoc\/evite-sancoes-administrativas-da-lgpd\/#primaryimage"},"thumbnailUrl":"https:\/\/organizator.com.br\/ctdoc\/wp-content\/uploads\/2021\/08\/Sancoes-Administrativas-Blog.png","datePublished":"2021-08-06T15:01:44+00:00","breadcrumb":{"@id":"https:\/\/organizator.com.br\/ctdoc\/evite-sancoes-administrativas-da-lgpd\/#breadcrumb"},"inLanguage":"pt-BR","potentialAction":[{"@type":"ReadAction","target":["https:\/\/organizator.com.br\/ctdoc\/evite-sancoes-administrativas-da-lgpd\/"]}]},{"@type":"ImageObject","inLanguage":"pt-BR","@id":"https:\/\/organizator.com.br\/ctdoc\/evite-sancoes-administrativas-da-lgpd\/#primaryimage","url":"https:\/\/organizator.com.br\/ctdoc\/wp-content\/uploads\/2021\/08\/Sancoes-Administrativas-Blog.png","contentUrl":"https:\/\/organizator.com.br\/ctdoc\/wp-content\/uploads\/2021\/08\/Sancoes-Administrativas-Blog.png","width":600,"height":400},{"@type":"BreadcrumbList","@id":"https:\/\/organizator.com.br\/ctdoc\/evite-sancoes-administrativas-da-lgpd\/#breadcrumb","itemListElement":[{"@type":"ListItem","position":1,"name":"In\u00edcio","item":"https:\/\/organizator.com.br\/ctdoc\/"},{"@type":"ListItem","position":2,"name":"Evite san\u00e7\u00f5es administrativas da LGPD"}]},{"@type":"WebSite","@id":"https:\/\/organizator.com.br\/ctdoc\/#website","url":"https:\/\/organizator.com.br\/ctdoc\/","name":"CTDOC - Centro de Treinamento em Documenta\u00e7\u00e3o","description":"Programas de treinamento voltados para bibliotec\u00e1rios, arquivistas e profissionais da informa\u00e7\u00e3o, baseados em 3 pilares: t\u00e9cnico, legal e tecnol\u00f3gico.","publisher":{"@id":"https:\/\/organizator.com.br\/ctdoc\/#organization"},"alternateName":"CTDOC","potentialAction":[{"@type":"SearchAction","target":{"@type":"EntryPoint","urlTemplate":"https:\/\/organizator.com.br\/ctdoc\/?s={search_term_string}"},"query-input":{"@type":"PropertyValueSpecification","valueRequired":true,"valueName":"search_term_string"}}],"inLanguage":"pt-BR"},{"@type":"Organization","@id":"https:\/\/organizator.com.br\/ctdoc\/#organization","name":"CTDOC - Centro de Treinamento em Documenta\u00e7\u00e3o","alternateName":"CTDOC","url":"https:\/\/organizator.com.br\/ctdoc\/","logo":{"@type":"ImageObject","inLanguage":"pt-BR","@id":"https:\/\/organizator.com.br\/ctdoc\/#\/schema\/logo\/image\/","url":"https:\/\/organizator.com.br\/ctdoc\/wp-content\/uploads\/2026\/09\/cropped-ctdoc-logo.webp","contentUrl":"https:\/\/organizator.com.br\/ctdoc\/wp-content\/uploads\/2026\/09\/cropped-ctdoc-logo.webp","width":1080,"height":300,"caption":"CTDOC - Centro de Treinamento em Documenta\u00e7\u00e3o"},"image":{"@id":"https:\/\/organizator.com.br\/ctdoc\/#\/schema\/logo\/image\/"},"sameAs":["https:\/\/www.linkedin.com\/company\/ctdoc\/","https:\/\/www.youtube.com\/c\/mundolegaldosdocumentos"]},{"@type":"Person","@id":"https:\/\/organizator.com.br\/ctdoc\/#\/schema\/person\/3a1e62f206bc1ee7ccb2118dc383658b","name":"Elaine Restier","image":{"@type":"ImageObject","inLanguage":"pt-BR","@id":"https:\/\/secure.gravatar.com\/avatar\/?s=96&d=mm&r=g","url":"https:\/\/secure.gravatar.com\/avatar\/?s=96&d=mm&r=g","contentUrl":"https:\/\/secure.gravatar.com\/avatar\/?s=96&d=mm&r=g","caption":"Elaine Restier"},"url":"https:\/\/organizator.com.br\/ctdoc\/author\/elaine-restier\/"}]}},"_links":{"self":[{"href":"https:\/\/organizator.com.br\/ctdoc\/wp-json\/wp\/v2\/posts\/2293","targetHints":{"allow":["GET"]}}],"collection":[{"href":"https:\/\/organizator.com.br\/ctdoc\/wp-json\/wp\/v2\/posts"}],"about":[{"href":"https:\/\/organizator.com.br\/ctdoc\/wp-json\/wp\/v2\/types\/post"}],"author":[{"embeddable":true,"href":"https:\/\/organizator.com.br\/ctdoc\/wp-json\/wp\/v2\/users\/2"}],"replies":[{"embeddable":true,"href":"https:\/\/organizator.com.br\/ctdoc\/wp-json\/wp\/v2\/comments?post=2293"}],"version-history":[{"count":0,"href":"https:\/\/organizator.com.br\/ctdoc\/wp-json\/wp\/v2\/posts\/2293\/revisions"}],"wp:featuredmedia":[{"embeddable":true,"href":"https:\/\/organizator.com.br\/ctdoc\/wp-json\/wp\/v2\/media\/2294"}],"wp:attachment":[{"href":"https:\/\/organizator.com.br\/ctdoc\/wp-json\/wp\/v2\/media?parent=2293"}],"wp:term":[{"taxonomy":"category","embeddable":true,"href":"https:\/\/organizator.com.br\/ctdoc\/wp-json\/wp\/v2\/categories?post=2293"},{"taxonomy":"post_tag","embeddable":true,"href":"https:\/\/organizator.com.br\/ctdoc\/wp-json\/wp\/v2\/tags?post=2293"}],"curies":[{"name":"wp","href":"https:\/\/api.w.org\/{rel}","templated":true}]}}